{"id":24679,"date":"2026-01-15T09:39:06","date_gmt":"2026-01-15T09:39:06","guid":{"rendered":"https:\/\/www.europesays.com\/africa\/24679\/"},"modified":"2026-01-15T09:39:06","modified_gmt":"2026-01-15T09:39:06","slug":"des-euros-et-des-riyals-saoudiens-saisis-sur-deux-passagers-a-laeroport-de-batna","status":"publish","type":"post","link":"https:\/\/www.europesays.com\/africa\/24679\/","title":{"rendered":"des euros et des riyals saoudiens saisis sur deux passagers \u00e0 l\u2019a\u00e9roport de Batna"},"content":{"rendered":"<p class=\"p1\">Les tentatives d\u2019exporter ill\u00e9galement des <a href=\"https:\/\/www.tsa-algerie.com\/lalgerie-durcit-les-conditions-de-transfert-des-devises\/\" rel=\"nofollow noopener\" target=\"_blank\">devises<\/a> via les a\u00e9roports alg\u00e9riens se multiplient. La derni\u00e8re en date a \u00e9t\u00e9 d\u00e9voil\u00e9e ce jeudi 15 janvier par la Direction g\u00e9n\u00e9rale des douanes (DGD).<\/p>\n<p class=\"p1\">\u00c0 l\u2019a\u00e9roport de Batna, deux passagers ont essay\u00e9 de prendre l\u2019avion avec des sommes importantes en devises qu\u2019ils n\u2019ont pas d\u00e9clar\u00e9 auparavant comme l\u2019exige la r\u00e9glementation alg\u00e9rienne sur l\u2019exportation des monnaies \u00e9trang\u00e8res.<\/p>\n<p class=\"a-lire-box\" style=\"&#13;&#10;                    margin:20px 0;&#13;&#10;                    padding:12px 0;&#13;&#10;                    border-top:1px solid #ddd;&#13;&#10;                    border-bottom:1px solid #ddd;&#13;&#10;                    line-height:1.8;&#13;&#10;                 \">&#13;<br \/>\n                    A lire aussi :&#13;<br \/>\n                    <a href=\"https:\/\/www.tsa-algerie.com\/inscription-a-la-vaccination-anti-covid-prenez-rendez-vous-en-ligne\/\" class=\"a-lire-link\" style=\"color:#000;text-decoration:none;font-weight:600;\" rel=\"nofollow noopener\" target=\"_blank\">&#13;<br \/>\n                        Inscription \u00e0 la vaccination anti-Covid : prenez rendez-vous en ligne&#13;<br \/>\n                    <\/a>&#13;\n                <\/p>\n<p class=\"p1\">\u00a0Dans le d\u00e9tail, 34.060 \u20ac et 4.110 riyals saoudiens ont \u00e9t\u00e9 saisis \u00e0 l\u2019a\u00e9roport international Ben Boulaid de Batna, selon la m\u00eame source.<\/p>\n<p class=\"a-lire-box\" style=\"&#13;&#10;                    margin:20px 0;&#13;&#10;                    padding:12px 0;&#13;&#10;                    border-top:1px solid #ddd;&#13;&#10;                    border-bottom:1px solid #ddd;&#13;&#10;                    line-height:1.8;&#13;&#10;                 \">&#13;<br \/>\n                    A lire aussi :&#13;<br \/>\n                    <a href=\"https:\/\/www.tsa-algerie.com\/societe-civile-classe-politique-la-tenue-dune-conference-nationale-se-precise\/\" class=\"a-lire-link\" style=\"color:#000;text-decoration:none;font-weight:600;\" rel=\"nofollow noopener\" target=\"_blank\">&#13;<br \/>\n                        Soci\u00e9t\u00e9 civile \u2013 classe politique : la tenue d\u2019une conf\u00e9rence nationale se pr\u00e9cise&#13;<br \/>\n                    <\/a>&#13;\n                <\/p>\n<p class=\"p1\">\u00a0<\/p>\n<p>A\u00e9roport de Batna\u00a0: 34.060 euros et 4.110 riyals saoudiens saisis<\/p>\n<p class=\"p1\">\u00a0<\/p>\n<p class=\"a-lire-box\" style=\"&#13;&#10;                    margin:20px 0;&#13;&#10;                    padding:12px 0;&#13;&#10;                    border-top:1px solid #ddd;&#13;&#10;                    border-bottom:1px solid #ddd;&#13;&#10;                    line-height:1.8;&#13;&#10;                 \">&#13;<br \/>\n                    A lire aussi :&#13;<br \/>\n                    <a href=\"https:\/\/www.tsa-algerie.com\/algerie-revelations-glacantes-sur-le-drame-du-bus-de-oued-el-harrach\/\" class=\"a-lire-link\" style=\"color:#000;text-decoration:none;font-weight:600;\" rel=\"nofollow noopener\" target=\"_blank\">&#13;<br \/>\n                        Alg\u00e9rie : r\u00e9v\u00e9lations gla\u00e7antes sur le drame du bus de Oued El Harrach&#13;<br \/>\n                    <\/a>&#13;\n                <\/p>\n<p class=\"p1\">Les Douanes alg\u00e9riennes ont indiqu\u00e9 que ses agents d\u00e9ploy\u00e9s \u00e0 l\u2019a\u00e9roport international Mustafa Ben Boulaid de Batna ont saisi des \u00ab devises \u00e9trang\u00e8res lors du contr\u00f4le d\u2019un vol international \u00bb, sans pr\u00e9ciser la destination. \u00ab L\u2019op\u00e9ration a conduit \u00e0 l\u2019arrestation de deux individus qui tentaient de faire passer clandestinement 34 060 \u20ac et 4.110 riyals saoudiens \u00bb, a pr\u00e9cis\u00e9 la DGD.<\/p>\n<p class=\"p1\">\u00ab\u00a0Cette op\u00e9ration s\u2019inscrit dans le cadre des efforts pour lutter contre le trafic de <a href=\"https:\/\/www.tsa-algerie.com\/algerie-poste-interdit-lenvoi-de-devises-et-de-colis-immoraux\/\" rel=\"nofollow noopener\" target=\"_blank\">devises <\/a>et faire appliquer rigoureusement la l\u00e9gislation en vigueur\u00a0\u00bb, a indiqu\u00e9 la DGD.<\/p>\n<p class=\"p1\">Les voyageurs r\u00e9sidents ou non-r\u00e9sidents sont oblig\u00e9s de d\u00e9clarer aux douaniers les sommes en devises sup\u00e9rieures \u00e0 1.000 euros et de pr\u00e9senter, le cas \u00e9ch\u00e9ant un justificatif.<\/p>\n","protected":false},"excerpt":{"rendered":"Les tentatives d\u2019exporter ill\u00e9galement des devises via les a\u00e9roports alg\u00e9riens se multiplient. La derni\u00e8re en date a \u00e9t\u00e9&hellip;\n","protected":false},"author":2,"featured_media":24680,"comment_status":"","ping_status":"","sticky":false,"template":"","format":"standard","meta":{"footnotes":""},"categories":[254],"tags":[255],"class_list":{"0":"post-24679","1":"post","2":"type-post","3":"status-publish","4":"format-standard","5":"has-post-thumbnail","7":"category-algerie","8":"tag-algerie"},"share_on_mastodon":{"url":"","error":""},"_links":{"self":[{"href":"https:\/\/www.europesays.com\/africa\/wp-json\/wp\/v2\/posts\/24679","targetHints":{"allow":["GET"]}}],"collection":[{"href":"https:\/\/www.europesays.com\/africa\/wp-json\/wp\/v2\/posts"}],"about":[{"href":"https:\/\/www.europesays.com\/africa\/wp-json\/wp\/v2\/types\/post"}],"author":[{"embeddable":true,"href":"https:\/\/www.europesays.com\/africa\/wp-json\/wp\/v2\/users\/2"}],"replies":[{"embeddable":true,"href":"https:\/\/www.europesays.com\/africa\/wp-json\/wp\/v2\/comments?post=24679"}],"version-history":[{"count":0,"href":"https:\/\/www.europesays.com\/africa\/wp-json\/wp\/v2\/posts\/24679\/revisions"}],"wp:featuredmedia":[{"embeddable":true,"href":"https:\/\/www.europesays.com\/africa\/wp-json\/wp\/v2\/media\/24680"}],"wp:attachment":[{"href":"https:\/\/www.europesays.com\/africa\/wp-json\/wp\/v2\/media?parent=24679"}],"wp:term":[{"taxonomy":"category","embeddable":true,"href":"https:\/\/www.europesays.com\/africa\/wp-json\/wp\/v2\/categories?post=24679"},{"taxonomy":"post_tag","embeddable":true,"href":"https:\/\/www.europesays.com\/africa\/wp-json\/wp\/v2\/tags?post=24679"}],"curies":[{"name":"wp","href":"https:\/\/api.w.org\/{rel}","templated":true}]}}