{"id":24701,"date":"2026-01-15T09:53:07","date_gmt":"2026-01-15T09:53:07","guid":{"rendered":"https:\/\/www.europesays.com\/africa\/24701\/"},"modified":"2026-01-15T09:53:07","modified_gmt":"2026-01-15T09:53:07","slug":"algerie-le-projet-de-ligne-aerienne-au-depart-de-caen-avance-a-grands-pas","status":"publish","type":"post","link":"https:\/\/www.europesays.com\/africa\/24701\/","title":{"rendered":"Alg\u00e9rie : le projet de ligne a\u00e9rienne au d\u00e9part de Caen avance \u00e0 grands pas"},"content":{"rendered":"<p style=\"font-weight: 400;\">Le projet de l\u2019ouverture d\u2019une nouvelle ligne a\u00e9rienne directe au d\u00e9part de l\u2019a\u00e9roport de\u00a0<a href=\"https:\/\/www.visa-algerie.com\/france-algerie-la-diaspora-se-mobilise-pour-une-nouvelle-ligne-aerienne\/\" target=\"_blank\" rel=\"noopener nofollow\" data-saferedirecturl=\"https:\/\/www.google.com\/url?q=https:\/\/www.visa-algerie.com\/france-algerie-la-diaspora-se-mobilise-pour-une-nouvelle-ligne-aerienne\/&amp;source=gmail&amp;ust=1768553423446000&amp;usg=AOvVaw3pDFT0jSDHHGBOeWvch-vp\">Caen vers l\u2019Alg\u00e9rie<\/a>\u00a0avance \u00e0 grands pas. Une r\u00e9union a \u00e9t\u00e9 tenue ce mercredi 14 janvier avec les responsables de l\u2019a\u00e9roport fran\u00e7ais.<\/p>\n<p style=\"font-weight: 400;\">Des membres de la communaut\u00e9 alg\u00e9rienne \u00e9tablie en Normandie, au nord-ouest de la France, ont lanc\u00e9 il y a plusieurs semaines une initiative r\u00e9clamant l\u2019ouverture de liaisons a\u00e9riennes directes au d\u00e9part de l\u2019a\u00e9roport de Caen vers des villes alg\u00e9riennes.<\/p>\n<p style=\"font-weight: 400;\">Pour se rendre en Alg\u00e9rie, les membres de la diaspora r\u00e9sidant dans cette r\u00e9gion de la France, estim\u00e9s \u00e0 plus de 100.000 personnes, sont contraints de parcourir de longs trajets vers Paris ou Nantes, les a\u00e9roports les plus proches disposant de vols directs vers l\u2019Alg\u00e9rie.<\/p>\n<p>\u00ab\u00a0Une avanc\u00e9e majeure pour le projet de ligne a\u00e9rienne entre Caen et l\u2019Alg\u00e9rie\u00a0\u00bb<\/p>\n<p style=\"font-weight: 400;\">Pour mettre un terme \u00e0 cette situation, des membres influents de la diaspora, dont le consultant Adda Khoualed et le pr\u00e9sident de l\u2019association Union franco-alg\u00e9rienne de Normandie, Amine Gaouar, ont lanc\u00e9 un projet d\u2019ouverture de lignes directes.<\/p>\n<p style=\"font-weight: 400;\">Mis sur pied en coordination avec d\u2019autres membres de la communaut\u00e9 et des associations d\u2019Alg\u00e9riens de France, ce projet vise \u00e0 ouvrir des liaisons directes au d\u00e9part de l\u2019a\u00e9roport de Caen Carpiquet vers Alger, Oran et Constantine.<\/p>\n<p style=\"font-weight: 400;\">La revendication est dirig\u00e9e en premier lieu \u00e0 la compagnie a\u00e9rienne nationale, Air Alg\u00e9rie, pr\u00e9cisent les initiateurs du projet. Une fois ces lignes lanc\u00e9es, d\u2019autres compagnies pourraient aussi intervenir par la suite.<\/p>\n<p style=\"font-weight: 400;\">Ce mercredi 14 janvier, les initiateurs ont annonc\u00e9 \u00ab\u00a0une avanc\u00e9e majeure pour le projet de ligne a\u00e9rienne entre Caen-Carpiquet et l\u2019Alg\u00e9rie\u00a0\u00bb.<\/p>\n<p style=\"font-weight: 400;\">Une r\u00e9union a en effet eu lieu \u00ab\u00a0avec Madame Fanny Charles, Directrice g\u00e9n\u00e9rale du groupe SEALAR, gestionnaire des a\u00e9roports de Normandie, et Madame Marilyn Haize Hagron, Directrice de l\u2019a\u00e9roport de Caen-Carpiquet et Deauville\u00a0\u00bb, indiquent-ils.<\/p>\n<p>\u00ab\u00a0La prochaine \u00e9tape concerne d\u00e9sormais les compagnies a\u00e9riennes\u00a0\u00bb<\/p>\n<p style=\"font-weight: 400;\">\u00c0 l\u2019issue de ce rendez-vous officiel, \u00ab\u00a0le projet a re\u00e7u un accord de principe clair et tr\u00e8s favorable\u00a0\u00bb, pr\u00e9cise la m\u00eame source, soulignant que l\u2019a\u00e9roport Caen-Carpiquet s\u2019impose comme la plateforme naturelle et prioritaire pour le d\u00e9veloppement de cette future ligne.<\/p>\n<p style=\"font-weight: 400;\">Une fois lanc\u00e9es,\u00a0<a href=\"https:\/\/www.visa-algerie.com\/transavia-france-ajoute-une-nouvelle-ligne-vers-lalgerie\/\" target=\"_blank\" rel=\"noopener nofollow\" data-saferedirecturl=\"https:\/\/www.google.com\/url?q=https:\/\/www.visa-algerie.com\/transavia-france-ajoute-une-nouvelle-ligne-vers-lalgerie\/&amp;source=gmail&amp;ust=1768553423447000&amp;usg=AOvVaw30ea4uTDy9HrvR0VUCAd9I\">les liaisons vers l\u2019Alg\u00e9rie<\/a>, notamment vers l\u2019a\u00e9roport d\u2019Alger, ne seront pas emprunt\u00e9es que par les membres de la diaspora alg\u00e9rienne, mais \u00e9galement par les diasporas africaines. En termes de rentabilit\u00e9, les compagnies a\u00e9riennes n\u2019auront donc aucun probl\u00e8me.<\/p>\n<p style=\"font-weight: 400;\">De m\u00eame, ces liaisons entrent \u00e9galement parfaitement dans les objectifs des autorit\u00e9s alg\u00e9riennes visant \u00e0 faire de l\u2019a\u00e9roport d\u2019Alger un hub africain, reliant les principales capitales du continent au reste du monde.<\/p>\n<p style=\"font-weight: 400;\">\u00ab\u00a0La prochaine \u00e9tape concerne d\u00e9sormais les compagnies a\u00e9riennes, avec lesquelles les \u00e9changes vont s\u2019intensifier afin de concr\u00e9tiser ce projet\u00a0\u00bb, assurent encore les initiateurs du projet des lignes a\u00e9riennes directes Caen \u2013 Alg\u00e9rie.<\/p>\n","protected":false},"excerpt":{"rendered":"Le projet de l\u2019ouverture d\u2019une nouvelle ligne a\u00e9rienne directe au d\u00e9part de l\u2019a\u00e9roport de\u00a0Caen vers l\u2019Alg\u00e9rie\u00a0avance \u00e0 grands&hellip;\n","protected":false},"author":2,"featured_media":24702,"comment_status":"","ping_status":"","sticky":false,"template":"","format":"standard","meta":{"footnotes":""},"categories":[254],"tags":[255,15243],"class_list":{"0":"post-24701","1":"post","2":"type-post","3":"status-publish","4":"format-standard","5":"has-post-thumbnail","7":"category-algerie","8":"tag-algerie","9":"tag-ligne-aerienne-caen-algerie"},"share_on_mastodon":{"url":"","error":""},"_links":{"self":[{"href":"https:\/\/www.europesays.com\/africa\/wp-json\/wp\/v2\/posts\/24701","targetHints":{"allow":["GET"]}}],"collection":[{"href":"https:\/\/www.europesays.com\/africa\/wp-json\/wp\/v2\/posts"}],"about":[{"href":"https:\/\/www.europesays.com\/africa\/wp-json\/wp\/v2\/types\/post"}],"author":[{"embeddable":true,"href":"https:\/\/www.europesays.com\/africa\/wp-json\/wp\/v2\/users\/2"}],"replies":[{"embeddable":true,"href":"https:\/\/www.europesays.com\/africa\/wp-json\/wp\/v2\/comments?post=24701"}],"version-history":[{"count":0,"href":"https:\/\/www.europesays.com\/africa\/wp-json\/wp\/v2\/posts\/24701\/revisions"}],"wp:featuredmedia":[{"embeddable":true,"href":"https:\/\/www.europesays.com\/africa\/wp-json\/wp\/v2\/media\/24702"}],"wp:attachment":[{"href":"https:\/\/www.europesays.com\/africa\/wp-json\/wp\/v2\/media?parent=24701"}],"wp:term":[{"taxonomy":"category","embeddable":true,"href":"https:\/\/www.europesays.com\/africa\/wp-json\/wp\/v2\/categories?post=24701"},{"taxonomy":"post_tag","embeddable":true,"href":"https:\/\/www.europesays.com\/africa\/wp-json\/wp\/v2\/tags?post=24701"}],"curies":[{"name":"wp","href":"https:\/\/api.w.org\/{rel}","templated":true}]}}