{"id":24703,"date":"2026-01-15T09:54:27","date_gmt":"2026-01-15T09:54:27","guid":{"rendered":"https:\/\/www.europesays.com\/africa\/24703\/"},"modified":"2026-01-15T09:54:27","modified_gmt":"2026-01-15T09:54:27","slug":"diomaye-faye-poursuit-sa-tournee-au-moyen-orient-a-abu-dhabi","status":"publish","type":"post","link":"https:\/\/www.europesays.com\/africa\/24703\/","title":{"rendered":"Diomaye Faye poursuit sa tourn\u00e9e au Moyen-Orient \u00e0 Abu Dhabi"},"content":{"rendered":"<p style=\"text-align: justify;\">Apr\u00e8s une visite officielle de deux jours au Kowe\u00eft, le pr\u00e9sident de la R\u00e9publique, Bassirou Diomaye Faye, a ralli\u00e9 les \u00c9mirats arabes unis. \u00c0 Abu Dhabi, il prend part \u00e0 la Semaine de la durabilit\u00e9, un important rendez-vous international consacr\u00e9 \u00e0 la transition \u00e9nerg\u00e9tique, au d\u00e9veloppement durable et \u00e0 l\u2019innovation. <\/p>\n<p style=\"text-align: justify;\">\u00ab Le Pr\u00e9sident Bassirou Diomaye Faye a quitt\u00e9 le Kowe\u00eft, au terme d\u2019une visite officielle de deux jours. Il est arriv\u00e9 \u00e0 Abu Dhabi, o\u00f9 il participe \u00e0 la Semaine de la durabilit\u00e9, grand rendez-vous international d\u00e9di\u00e9 \u00e0 la transition \u00e9nerg\u00e9tique, au d\u00e9veloppement durable et \u00e0 l\u2019innovation \u00bb, a annonc\u00e9 la Pr\u00e9sidence de la R\u00e9publique sur ses plateformes officielles. <\/p>\n","protected":false},"excerpt":{"rendered":"Apr\u00e8s une visite officielle de deux jours au Kowe\u00eft, le pr\u00e9sident de la R\u00e9publique, Bassirou Diomaye Faye, a&hellip;\n","protected":false},"author":2,"featured_media":24704,"comment_status":"","ping_status":"","sticky":false,"template":"","format":"standard","meta":{"footnotes":""},"categories":[48],"tags":[64,274,279,273,277,278,271,281,283,272,280,276,275,159,282],"class_list":{"0":"post-24703","1":"post","2":"type-post","3":"status-publish","4":"format-standard","5":"has-post-thumbnail","7":"category-senegal","8":"tag-afrique","9":"tag-aliou-cisse","10":"tag-amadou-ba","11":"tag-apr","12":"tag-bassirou-diomaye-faye","13":"tag-bathelemy-dias","14":"tag-dakar","15":"tag-el-malick-ndiaye","16":"tag-guy-marius-sagna","17":"tag-macky-sall","18":"tag-madiambal-diagne","19":"tag-ousmane-sonko","20":"tag-pastef","21":"tag-senegal","22":"tag-ziguinchor"},"share_on_mastodon":{"url":"","error":""},"_links":{"self":[{"href":"https:\/\/www.europesays.com\/africa\/wp-json\/wp\/v2\/posts\/24703","targetHints":{"allow":["GET"]}}],"collection":[{"href":"https:\/\/www.europesays.com\/africa\/wp-json\/wp\/v2\/posts"}],"about":[{"href":"https:\/\/www.europesays.com\/africa\/wp-json\/wp\/v2\/types\/post"}],"author":[{"embeddable":true,"href":"https:\/\/www.europesays.com\/africa\/wp-json\/wp\/v2\/users\/2"}],"replies":[{"embeddable":true,"href":"https:\/\/www.europesays.com\/africa\/wp-json\/wp\/v2\/comments?post=24703"}],"version-history":[{"count":0,"href":"https:\/\/www.europesays.com\/africa\/wp-json\/wp\/v2\/posts\/24703\/revisions"}],"wp:featuredmedia":[{"embeddable":true,"href":"https:\/\/www.europesays.com\/africa\/wp-json\/wp\/v2\/media\/24704"}],"wp:attachment":[{"href":"https:\/\/www.europesays.com\/africa\/wp-json\/wp\/v2\/media?parent=24703"}],"wp:term":[{"taxonomy":"category","embeddable":true,"href":"https:\/\/www.europesays.com\/africa\/wp-json\/wp\/v2\/categories?post=24703"},{"taxonomy":"post_tag","embeddable":true,"href":"https:\/\/www.europesays.com\/africa\/wp-json\/wp\/v2\/tags?post=24703"}],"curies":[{"name":"wp","href":"https:\/\/api.w.org\/{rel}","templated":true}]}}