{"id":24739,"date":"2026-01-15T10:19:08","date_gmt":"2026-01-15T10:19:08","guid":{"rendered":"https:\/\/www.europesays.com\/africa\/24739\/"},"modified":"2026-01-15T10:19:08","modified_gmt":"2026-01-15T10:19:08","slug":"lafrique-entre-dans-lere-de-lia-et-de-la-cybersecurite","status":"publish","type":"post","link":"https:\/\/www.europesays.com\/africa\/24739\/","title":{"rendered":"L\u2019Afrique entre dans l\u2019\u00e8re de l\u2019IA et de la cybers\u00e9curit\u00e9"},"content":{"rendered":"<p>Le premier Sommet africain sur l\u2019intelligence artificielle et la cybers\u00e9curit\u00e9 se tiendra du 30 mars au 1er avril 2026 \u00e0 Hammamet, sur le th\u00e8me \u00ab Vers une gouvernance num\u00e9rique intelligente et s\u00e9curis\u00e9e pour la transformation digitale des gouvernements africains \u00bb. Cet \u00e9v\u00e9nement vise \u00e0 d\u00e9finir une vision africaine souveraine en mati\u00e8re de technologies num\u00e9riques, align\u00e9e sur les objectifs de l\u2019Agenda 2063 de<a href=\"https:\/\/au.int\/fr\/node\/3587\" rel=\"nofollow noopener\" target=\"_blank\"> l\u2019Union africaine.<\/a><\/p>\n<p class=\"news_item_view_plain_text\">Plac\u00e9 sous le patronage du Conseil de coop\u00e9ration scientifique arabe (CCSA) et organis\u00e9 en partenariat avec l\u2019Universit\u00e9 de Sfax, Al-Bahith Academy Postgraduate Studies et plusieurs autres institutions acad\u00e9miques et technologiques africaines, le sommet rassemblera experts, d\u00e9cideurs politiques, chercheurs, start-up et acteurs du secteur priv\u00e9 autour de la devise \u00ab Secure Intelligence, Connected Continent \u00bb.<\/p>\n<p class=\"news_item_view_plain_text\">D\u2019apr\u00e8s les informations publi\u00e9es sur les r\u00e9seaux sociaux du CCSA, les d\u00e9bats porteront sur des enjeux cruciaux : r\u00e9gulation agile de l\u2019IA; lutte contre les cybermenaces \u00e9mergentes (deepfakes, malwares avanc\u00e9s, attaques DDoS); int\u00e9gration de l\u2019IA dans les secteurs strat\u00e9giques (<a href=\"https:\/\/www.leconomistemaghrebin.com\/2025\/01\/07\/coup-envoi-quatrieme-edition-africa-fintech-accelerator\/\" rel=\"nofollow noopener\" target=\"_blank\">FinTech<\/a>, sant\u00e9, transport autonome, \u00e9ducation); ainsi que le renforcement des comp\u00e9tences num\u00e9riques \u00e0 l\u2019\u00e9chelle continentale. Une attention particuli\u00e8re sera accord\u00e9e aux d\u00e9fis pos\u00e9s par l\u2019IA super-intelligente \u00e0 l\u2019horizon 2050 et \u00e0 la notion de cybers\u00e9curit\u00e9 post-humaine.<\/p>\n<p class=\"news_item_view_plain_text\">Le sommet plaidera pour une coop\u00e9ration panafricaine renforc\u00e9e, notamment par la\u00a0cr\u00e9ation de centres r\u00e9gionaux de r\u00e9ponse aux incidents de s\u00e9curit\u00e9 (CSIRT)\u00a0et l\u2019adoption de cadres l\u00e9gislatifs harmonis\u00e9s, inspir\u00e9s du R\u00e8glement g\u00e9n\u00e9ral sur la protection des donn\u00e9es europ\u00e9en RGPD.<\/p>\n<p class=\"news_item_view_plain_text\">Structur\u00e9 autour d\u2019un partenariat public-priv\u00e9-acad\u00e9mique, il ambitionne de positionner l\u2019Afrique non plus seulement comme consommatrice, mais aussi comme conceptrice et r\u00e9gulatrice des technologies du futur. Et ce, tout en garantissant souverainet\u00e9 num\u00e9rique, protection des donn\u00e9es et inclusion technologique.<\/p>\n<p>Avec TAP<\/p>\n","protected":false},"excerpt":{"rendered":"Le premier Sommet africain sur l\u2019intelligence artificielle et la cybers\u00e9curit\u00e9 se tiendra du 30 mars au 1er avril&hellip;\n","protected":false},"author":2,"featured_media":24740,"comment_status":"","ping_status":"","sticky":false,"template":"","format":"standard","meta":{"footnotes":""},"categories":[62],"tags":[64],"class_list":{"0":"post-24739","1":"post","2":"type-post","3":"status-publish","4":"format-standard","5":"has-post-thumbnail","7":"category-afrique","8":"tag-afrique"},"share_on_mastodon":{"url":"","error":""},"_links":{"self":[{"href":"https:\/\/www.europesays.com\/africa\/wp-json\/wp\/v2\/posts\/24739","targetHints":{"allow":["GET"]}}],"collection":[{"href":"https:\/\/www.europesays.com\/africa\/wp-json\/wp\/v2\/posts"}],"about":[{"href":"https:\/\/www.europesays.com\/africa\/wp-json\/wp\/v2\/types\/post"}],"author":[{"embeddable":true,"href":"https:\/\/www.europesays.com\/africa\/wp-json\/wp\/v2\/users\/2"}],"replies":[{"embeddable":true,"href":"https:\/\/www.europesays.com\/africa\/wp-json\/wp\/v2\/comments?post=24739"}],"version-history":[{"count":0,"href":"https:\/\/www.europesays.com\/africa\/wp-json\/wp\/v2\/posts\/24739\/revisions"}],"wp:featuredmedia":[{"embeddable":true,"href":"https:\/\/www.europesays.com\/africa\/wp-json\/wp\/v2\/media\/24740"}],"wp:attachment":[{"href":"https:\/\/www.europesays.com\/africa\/wp-json\/wp\/v2\/media?parent=24739"}],"wp:term":[{"taxonomy":"category","embeddable":true,"href":"https:\/\/www.europesays.com\/africa\/wp-json\/wp\/v2\/categories?post=24739"},{"taxonomy":"post_tag","embeddable":true,"href":"https:\/\/www.europesays.com\/africa\/wp-json\/wp\/v2\/tags?post=24739"}],"curies":[{"name":"wp","href":"https:\/\/api.w.org\/{rel}","templated":true}]}}