{"id":24745,"date":"2026-01-15T10:22:06","date_gmt":"2026-01-15T10:22:06","guid":{"rendered":"https:\/\/www.europesays.com\/africa\/24745\/"},"modified":"2026-01-15T10:22:06","modified_gmt":"2026-01-15T10:22:06","slug":"loutil-en-main-initie-toujours-plus-de-jeunes-aux-metiers-manuels","status":"publish","type":"post","link":"https:\/\/www.europesays.com\/africa\/24745\/","title":{"rendered":"L\u2019Outil en main initie toujours plus de jeunes aux m\u00e9tiers manuels"},"content":{"rendered":"<p>Depuis 2016, L\u2019Outil en main de Salles a accueilli lors de ses ateliers 220\u00a0enfants dont 48 jeunes filles et 129 gar\u00e7ons. Quelques-uns d\u2019entre eux ont eu le coup de foudre pour les m\u00e9tiers manuels et ont rejoint le Compagnonnage, \u00e0 la grande satisfaction des b\u00e9n\u00e9voles qui sont tous d\u2019anciens professionnels ou artisans qui mettent leur temps au service des enfants pour leur faire d\u00e9couvrir les m\u00e9tiers manuels.<\/p>\n<p>Deux s\u00e9ances au lieu d\u2019une<\/p>\n<p>Ce grand nombre de participants a amen\u00e9 L\u2019Outil en main \u00e0 passer d\u2019une s\u00e9ance le mercredi apr\u00e8s-midi \u00e0 deux s\u00e9ances, dont une le matin. Des cours du soir adultes dans les domaines de la d\u00e9coration et de l\u2019\u00e9quipement personnel ont \u00e9t\u00e9 mis en place sans oublier les ateliers d\u00e9di\u00e9s \u00e0 l\u2019office de tourisme du Val de l\u2019Eyre\u00a0; tout cela repr\u00e9sentant 1\u00a0925 heures de b\u00e9n\u00e9volat.<\/p>\n<p>Plusieurs travaux ont \u00e9t\u00e9 r\u00e9alis\u00e9s pour la commune comme les n\u0153uds d\u2019Octobre rose ainsi que les moustaches de Novembre moustaches (lutte contre les cancers masculins), mais aussi l\u2019enseigne du march\u00e9 de No\u00ebl ainsi que la structure des sapins de No\u00ebl pour le concours du plus beau sapin. En 2025, l\u2019association a particip\u00e9 aux matin\u00e9es d\u00e9couverte de Cap 33, ainsi qu\u2019\u00e0 la f\u00eate de la ruralit\u00e9 \u00e0 Biganos, aux forums des associations de Salles et de Belin-B\u00e9liet\u00a0; cela sans oublier sa participation au projet de Foundiougne au S\u00e9n\u00e9gal avec la r\u00e9novation de trois salles de classe.<\/p>\n","protected":false},"excerpt":{"rendered":"Depuis 2016, L\u2019Outil en main de Salles a accueilli lors de ses ateliers 220\u00a0enfants dont 48 jeunes filles&hellip;\n","protected":false},"author":2,"featured_media":24746,"comment_status":"","ping_status":"","sticky":false,"template":"","format":"standard","meta":{"footnotes":""},"categories":[48],"tags":[159],"class_list":{"0":"post-24745","1":"post","2":"type-post","3":"status-publish","4":"format-standard","5":"has-post-thumbnail","7":"category-senegal","8":"tag-senegal"},"share_on_mastodon":{"url":"","error":""},"_links":{"self":[{"href":"https:\/\/www.europesays.com\/africa\/wp-json\/wp\/v2\/posts\/24745","targetHints":{"allow":["GET"]}}],"collection":[{"href":"https:\/\/www.europesays.com\/africa\/wp-json\/wp\/v2\/posts"}],"about":[{"href":"https:\/\/www.europesays.com\/africa\/wp-json\/wp\/v2\/types\/post"}],"author":[{"embeddable":true,"href":"https:\/\/www.europesays.com\/africa\/wp-json\/wp\/v2\/users\/2"}],"replies":[{"embeddable":true,"href":"https:\/\/www.europesays.com\/africa\/wp-json\/wp\/v2\/comments?post=24745"}],"version-history":[{"count":0,"href":"https:\/\/www.europesays.com\/africa\/wp-json\/wp\/v2\/posts\/24745\/revisions"}],"wp:featuredmedia":[{"embeddable":true,"href":"https:\/\/www.europesays.com\/africa\/wp-json\/wp\/v2\/media\/24746"}],"wp:attachment":[{"href":"https:\/\/www.europesays.com\/africa\/wp-json\/wp\/v2\/media?parent=24745"}],"wp:term":[{"taxonomy":"category","embeddable":true,"href":"https:\/\/www.europesays.com\/africa\/wp-json\/wp\/v2\/categories?post=24745"},{"taxonomy":"post_tag","embeddable":true,"href":"https:\/\/www.europesays.com\/africa\/wp-json\/wp\/v2\/tags?post=24745"}],"curies":[{"name":"wp","href":"https:\/\/api.w.org\/{rel}","templated":true}]}}