{"id":24769,"date":"2026-01-15T10:36:07","date_gmt":"2026-01-15T10:36:07","guid":{"rendered":"https:\/\/www.europesays.com\/africa\/24769\/"},"modified":"2026-01-15T10:36:07","modified_gmt":"2026-01-15T10:36:07","slug":"can-2025-senegal-vs-maroc-la-finale-de-reve","status":"publish","type":"post","link":"https:\/\/www.europesays.com\/africa\/24769\/","title":{"rendered":"CAN 2025 : S\u00e9n\u00e9gal vs Maroc, la finale de r\u00eave"},"content":{"rendered":"<p>Comme une pr\u00e9monition. Au d\u00e9but de la Coupe d\u2019Afrique des Nations (CAN) 2025, tout le monde s&#8217;accordait \u00e0 dire que les deux meilleures \u00e9quipes \u00e9taient le S\u00e9n\u00e9gal et le Maroc, les deux premi\u00e8res nations africaines au classement FIFA. Et finalement, les deux formations vont se livrer bataille ce dimanche lors de la finale, \u00e0 Rabat. Et le moins que l\u2019on puisse dire, c\u2019est que le spectacle sera au rendez-vous.<\/p>\n<p>D\u2019un c\u00f4t\u00e9, le Maroc, pays organisateur, demi-finaliste du Mondial 2022, et qui court derri\u00e8re un sacre depuis 1976. Surtout, les Lions de l\u2019Atlas retrouvent la finale pour la 1\u00e8re fois depuis 2004 (d\u00e9faite contre la Tunisie). Surtout, ils ont dans leurs rangs un certain Achraf Hakimi, \u00e9lu Joueur africain de l\u2019ann\u00e9e 2025. L&#8217;effectif XXL du Maroc, avec Brahim Diaz (meilleur buteur avec 5 buts), Nayef Aguerd, El Khanouss ou encore Ignamane, est toujours invaincu. Apr\u00e8s avoir fini leaders du groupe A (7 points), les Marocains ont battu la Tanzanie (1-0), le Cameroun (2-0) et le Nigeria aux tirs au but. Surtout, les hommes de Walid Regragui sont la meilleure d\u00e9fense du tournoi avec un seul but encaiss\u00e9, c&#8217;\u00e9tait lors de la 2e journ\u00e9e sur penalty contre le Mali.<\/p>\n<p>Un S\u00e9n\u00e9gal XXL<\/p>\n<p>Toutefois, en face, on aura aussi un sacr\u00e9 client. Le S\u00e9n\u00e9gal est la 2e meilleure d\u00e9fense (2 buts conc\u00e9d\u00e9s), mais aussi la 2e meilleure attaque (12 buts, derri\u00e8re le Nigeria et ses 14 buts). Par ailleurs, ce sera la 3e finale des Lions sur les 4 derni\u00e8res \u00e9ditions. Une sacr\u00e9e r\u00e9gularit\u00e9 qui t\u00e9moigne de la qualit\u00e9 du groupe de Pape Thiaw. Les S\u00e9n\u00e9galais ont termin\u00e9 premiers du groupe D devant la RDC, avant de battre respectivement le Soudan (3-1), le Mali (1-0) et l\u2019\u00c9gypte (1-0) au deuxi\u00e8me tour.<\/p>\n<p>En outre, un homme se d\u00e9marque, port\u00e9 par l&#8217;envie de porter une deuxi\u00e8me fois son pays au sommet de l\u2019Afrique : il s\u2019agit de Sadio Man\u00e9. Le num\u00e9ro 10, annonc\u00e9 pourtant sur le d\u00e9clin, a inscrit 2 buts et d\u00e9livr\u00e9 3 passes d\u00e9cisives en 6 matchs. De quoi offrir une finale exceptionnelle, sans doute la plus grande de l\u2019histoire, aux nombreux fans qui se l\u00e8chent d\u00e9j\u00e0 les babines.<\/p>\n<p>Fait marquant : le S\u00e9n\u00e9gal et le Maroc courent chacun apr\u00e8s un deuxi\u00e8me sacre continental, n\u2019ayant remport\u00e9 la Coupe d\u2019Afrique des Nations qu\u2019une seule fois dans leur histoire.<\/p>\n","protected":false},"excerpt":{"rendered":"Comme une pr\u00e9monition. Au d\u00e9but de la Coupe d\u2019Afrique des Nations (CAN) 2025, tout le monde s&#8217;accordait \u00e0&hellip;\n","protected":false},"author":2,"featured_media":24770,"comment_status":"","ping_status":"","sticky":false,"template":"","format":"standard","meta":{"footnotes":""},"categories":[48],"tags":[2553,1663,159,310],"class_list":{"0":"post-24769","1":"post","2":"type-post","3":"status-publish","4":"format-standard","5":"has-post-thumbnail","7":"category-senegal","8":"tag-actualites-sportives","9":"tag-lions-de-l","10":"tag-senegal","11":"tag-sport"},"share_on_mastodon":{"url":"","error":""},"_links":{"self":[{"href":"https:\/\/www.europesays.com\/africa\/wp-json\/wp\/v2\/posts\/24769","targetHints":{"allow":["GET"]}}],"collection":[{"href":"https:\/\/www.europesays.com\/africa\/wp-json\/wp\/v2\/posts"}],"about":[{"href":"https:\/\/www.europesays.com\/africa\/wp-json\/wp\/v2\/types\/post"}],"author":[{"embeddable":true,"href":"https:\/\/www.europesays.com\/africa\/wp-json\/wp\/v2\/users\/2"}],"replies":[{"embeddable":true,"href":"https:\/\/www.europesays.com\/africa\/wp-json\/wp\/v2\/comments?post=24769"}],"version-history":[{"count":0,"href":"https:\/\/www.europesays.com\/africa\/wp-json\/wp\/v2\/posts\/24769\/revisions"}],"wp:featuredmedia":[{"embeddable":true,"href":"https:\/\/www.europesays.com\/africa\/wp-json\/wp\/v2\/media\/24770"}],"wp:attachment":[{"href":"https:\/\/www.europesays.com\/africa\/wp-json\/wp\/v2\/media?parent=24769"}],"wp:term":[{"taxonomy":"category","embeddable":true,"href":"https:\/\/www.europesays.com\/africa\/wp-json\/wp\/v2\/categories?post=24769"},{"taxonomy":"post_tag","embeddable":true,"href":"https:\/\/www.europesays.com\/africa\/wp-json\/wp\/v2\/tags?post=24769"}],"curies":[{"name":"wp","href":"https:\/\/api.w.org\/{rel}","templated":true}]}}