{"id":24892,"date":"2026-01-15T11:44:09","date_gmt":"2026-01-15T11:44:09","guid":{"rendered":"https:\/\/www.europesays.com\/africa\/24892\/"},"modified":"2026-01-15T11:44:09","modified_gmt":"2026-01-15T11:44:09","slug":"les-supporteurs-fous-de-joie-apres-la-qualification-pour-la-finale-de-la-coupe-dafrique-des-nations","status":"publish","type":"post","link":"https:\/\/www.europesays.com\/africa\/24892\/","title":{"rendered":"les supporteurs fous de joie apr\u00e8s la qualification pour la finale de la Coupe d&#8217;Afrique des nations"},"content":{"rendered":"<p class=\"article__intro\">Apr\u00e8s la victoire du Maroc contre le Nigeria (2-4 aux tirs au but) \u00e0 la Coupe d&#8217;Afrique des nations (Can), les supporteurs marocains se sont rendus dans les rues de Montpellier pour c\u00e9l\u00e9brer la qualification de leur \u00e9quipe pour la finale. L&#8217;ambiance \u00e9tait au rendez-vous.<\/p>\n<p>\n      L\u2019actu des r\u00e9gions\n    <\/p>\n<p>\n      Chaque jour, un tour d\u2019horizon des principales infos de toutes les r\u00e9gions.\n    <\/p>\n<p>    France T\u00e9l\u00e9visions utilise votre adresse e-mail afin de vous envoyer la newsletter &#8220;L\u2019actu des r\u00e9gions&#8221;. Vous pouvez vous d\u00e9sinscrire \u00e0 tout moment via le lien en bas de cette newsletter. <a target=\"_blank\" href=\"https:\/\/www.francetelevisions.fr\/groupe\/confidentialite\/politique-de-confidentialite\/politique-de-confidentialite-de-france-televisions-6503\" rel=\"nofollow noopener\">Notre politique de confidentialit\u00e9<\/a><\/p>\n<p>&#8220;Vive le Maroc !&#8221; pouvait-on entendre dans les concerts de klaxon qui ont retenti, ce mercredi 14 janvier 2026, dans les rues de Montpellier. Les Lions de l&#8217;Atlas se sont qualifi\u00e9s pour la finale de la <a href=\"https:\/\/www.franceinfo.fr\/sports\/foot\/can\/can-2025-le-maroc-pays-hote-se-defait-du-nigeria-aux-tirs-au-but-et-rejoint-le-senegal-en-finale_7741561.html\" target=\"_blank\" rel=\"noopener noreferrer nofollow\" data-tooltip-url=\"https:\/\/www.franceinfo.fr\/sports\/foot\/can\/can-2025-le-maroc-pays-hote-se-defait-du-nigeria-aux-tirs-au-but-et-rejoint-le-senegal-en-finale_7741561.html\">Coupe d&#8217;Afrique des nations (Can) en battant le Nigeria 4 buts \u00e0 2 <\/a>pour le plus grand bonheur des supporteurs marocains. Ces derniers ont \u00e9t\u00e9 nombreux \u00e0 d\u00e9filer en voiture, en brandissant fi\u00e8rement le drapeau du pays. Des feux d\u2019artifice ont m\u00eame \u00e9t\u00e9 tir\u00e9s dans le quartier Cl\u00e9menceau.<\/p>\n<p><a data-article-figure=\"\" href=\"https:\/\/france3-regions.franceinfo.fr\/image\/G8SHVEHiZH1G7tXcNEkpTBuF-VE\/1920x1080\/regions\/2026\/01\/15\/c0174-00-00-04-12-6968b84753946707521602.jpg\" data-pswp-width=\"1920\" data-pswp-height=\"1080\" target=\"_blank\" rel=\"nofollow noopener\"><\/p>\n<p>          <img width=\"600\" height=\"400\" class=\"article-image lazy\" data-src=\"https:\/\/www.europesays.com\/africa\/wp-content\/uploads\/2026\/01\/c0174-00-00-04-12-6968b84753946707521602.jpg\" alt=\"Des concerts de klaxon ont retenti dans les rues, le 14 janvier 2026, \u00e0 Montpellier. \" fetchpriority=\"high\" as=\"image\"\/><\/p>\n<p>\n            Des concerts de klaxon ont retenti dans les rues, le 14 janvier 2026, \u00e0 Montpellier.<br \/>\n                           \u2022<br \/>\n                                      \u00a9 Isabelle Bris, France T\u00e9l\u00e9visions\n                      <\/p>\n<p><\/a><\/p>\n<p>Quelques heures plus t\u00f4t, le petit local de l&#8217;association ASSAMR 34, qui d&#8217;habitude fait du soutien scolaire, s&#8217;est transform\u00e9 en terrain de football. Du th\u00e9 et des p\u00e2tisseries orientales sont servis pour reprendre des forces et les supporteurs chantent et tambourinent sur leur bendir pour encourager l&#8217;\u00e9quipe. Loin de Rabat, le peuple marocain de France est \u00e0 l&#8217;unisson derri\u00e8re les Lions de l&#8217;Atlas finalistes malheureux en 2004 face \u00e0 la Tunisie.<\/p>\n<p>    dur\u00e9e de la vid\u00e9o : 00h00mn14s<\/p>\n<p>        <img decoding=\"async\" width=\"640\" height=\"426\" class=\"article-image not-lazy\" src=\"https:\/\/www.europesays.com\/africa\/wp-content\/uploads\/2026\/01\/fallbackFr3_16_9.webp.webp\" alt=\"\" fetchpriority=\"high\"\/><\/p>\n<p>              Voir la video\u00a0(14 secondes).\u00a0<br \/>\n                  14 sec<\/p>\n<p>\n          Les supporteurs du Maroc ont c\u00e9l\u00e9br\u00e9 la victoire de l&#8217;\u00e9quipe, ce mercredi 14 janvier, \u00e0 Montpellier.<\/p>\n<p>        \u2022<\/p>\n<p>              \u00a9Laurent Beaumel, France T\u00e9l\u00e9visions\n      <\/p>\n<p>D\u2019entr\u00e9e de jeu les rouges donnent le ton, de bon augure pour la suite. &#8220;Je pense qu&#8217;on va gagner. Il y a quand m\u00eame du potentiel, du niveau, ils sont meilleurs. Apr\u00e8s&#8230;il y a de la technique du c\u00f4t\u00e9 du Nigeria, analyse Houssine Imazhin, un musicien. On a des bons joueurs, El Kaabi, Hakimi qui est au PSG, il sait tr\u00e8s bien ce qu&#8217;il fait. On a un bon entra\u00eeneur. \u00c7a va \u00eatre la finale apr\u00e8s la Coupe du Monde, en Am\u00e9rique.&#8221;<\/p>\n<p><a data-article-figure=\"\" href=\"https:\/\/france3-regions.franceinfo.fr\/image\/ia6LaxdpnWBJZQrb0s7e5XS00x4\/1920x1080\/regions\/2026\/01\/15\/c0076-00-01-06-16-6968c33014b15254582181.jpg\" data-pswp-width=\"1920\" data-pswp-height=\"1080\" target=\"_blank\" rel=\"nofollow noopener\"><\/p>\n<p>          <img width=\"600\" height=\"400\" class=\"article-image lazy\" data-src=\"https:\/\/www.europesays.com\/africa\/wp-content\/uploads\/2026\/01\/c0076-00-01-06-16-6968c33014b15254582181.jpg\" alt=\"Houssine a totalement confiance en l'\u00e9quipe du Maroc, le 14 janvier, \u00e0 Montpellier. \" fetchpriority=\"high\" as=\"image\"\/><\/p>\n<p>\n            Houssine a totalement confiance en l&#8217;\u00e9quipe du Maroc, le 14 janvier, \u00e0 Montpellier.<br \/>\n                           \u2022<br \/>\n                                      \u00a9 Isabelle Bris, France T\u00e9l\u00e9visions\n                      <\/p>\n<p><\/a><\/p>\n<p>Le Maroc n&#8217;a remport\u00e9 qu&#8217;une fois la Can, en 1976, il y a cinquante ans d\u00e9j\u00e0. Lors des tirs au but, les fans retiennent leur souffle, les yeux riv\u00e9s sur l&#8217;\u00e9cran de t\u00e9l\u00e9vision du local\u00a0: &#8220;C&#8217;est tr\u00e8s intense comme moment. C&#8217;est un des meilleurs matchs que nous avons vus dans cette Can&#8221;, souligne Hassan, un autre supporteur.<\/p>\n<p class=\"ftvi_citation_quote\">Pour les tirs au but, j&#8217;esp\u00e8re que la chance sera du c\u00f4t\u00e9 du Maroc. C&#8217;est notre CAN et nous avons un excellent gardien. On aura la finale, on l&#8217;aura!<\/p>\n<p>Hassan, supporteur du Maroc<\/p>\n<p>Le h\u00e9ros de la rencontre est Yacine Bounou, le gardien de l&#8217;\u00e9quipe victorieuse. Ses deux arr\u00eats ont propuls\u00e9 le Maroc en finale. La derni\u00e8re fois que l&#8217;\u00e9quipe \u00e9tait arriv\u00e9e \u00e0 ce niveau de la comp\u00e9tition, c&#8217;\u00e9tait en 2004. Les Lions de l&#8217;Atlas affronteront le S\u00e9n\u00e9gal, ce dimanche 18 janvier \u00e0 20h, et esp\u00e8rent r\u00e9aliser le r\u00eave de tout un peuple.<\/p>\n","protected":false},"excerpt":{"rendered":"Apr\u00e8s la victoire du Maroc contre le Nigeria (2-4 aux tirs au but) \u00e0 la Coupe d&#8217;Afrique des&hellip;\n","protected":false},"author":2,"featured_media":24893,"comment_status":"","ping_status":"","sticky":false,"template":"","format":"standard","meta":{"footnotes":""},"categories":[62],"tags":[64],"class_list":{"0":"post-24892","1":"post","2":"type-post","3":"status-publish","4":"format-standard","5":"has-post-thumbnail","7":"category-afrique","8":"tag-afrique"},"share_on_mastodon":{"url":"","error":""},"_links":{"self":[{"href":"https:\/\/www.europesays.com\/africa\/wp-json\/wp\/v2\/posts\/24892","targetHints":{"allow":["GET"]}}],"collection":[{"href":"https:\/\/www.europesays.com\/africa\/wp-json\/wp\/v2\/posts"}],"about":[{"href":"https:\/\/www.europesays.com\/africa\/wp-json\/wp\/v2\/types\/post"}],"author":[{"embeddable":true,"href":"https:\/\/www.europesays.com\/africa\/wp-json\/wp\/v2\/users\/2"}],"replies":[{"embeddable":true,"href":"https:\/\/www.europesays.com\/africa\/wp-json\/wp\/v2\/comments?post=24892"}],"version-history":[{"count":0,"href":"https:\/\/www.europesays.com\/africa\/wp-json\/wp\/v2\/posts\/24892\/revisions"}],"wp:featuredmedia":[{"embeddable":true,"href":"https:\/\/www.europesays.com\/africa\/wp-json\/wp\/v2\/media\/24893"}],"wp:attachment":[{"href":"https:\/\/www.europesays.com\/africa\/wp-json\/wp\/v2\/media?parent=24892"}],"wp:term":[{"taxonomy":"category","embeddable":true,"href":"https:\/\/www.europesays.com\/africa\/wp-json\/wp\/v2\/categories?post=24892"},{"taxonomy":"post_tag","embeddable":true,"href":"https:\/\/www.europesays.com\/africa\/wp-json\/wp\/v2\/tags?post=24892"}],"curies":[{"name":"wp","href":"https:\/\/api.w.org\/{rel}","templated":true}]}}