{"id":24919,"date":"2026-01-15T11:58:14","date_gmt":"2026-01-15T11:58:14","guid":{"rendered":"https:\/\/www.europesays.com\/africa\/24919\/"},"modified":"2026-01-15T11:58:14","modified_gmt":"2026-01-15T11:58:14","slug":"comment-la-turquie-etend-son-influence-en-afrique","status":"publish","type":"post","link":"https:\/\/www.europesays.com\/africa\/24919\/","title":{"rendered":"comment la Turquie \u00e9tend son influence en Afrique"},"content":{"rendered":"<p class=\"upper-letter\">L\u2019expression figure dans une note publi\u00e9e le 30\u00a0d\u00e9cembre 2025 par la Fondation pour la recherche strat\u00e9gique (FRS)\u00a0: la chercheuse Djenabou Cisse y d\u00e9crit <a href=\"https:\/\/www.challenges.fr\/monde\/course-aux-drones-en-afrique-resultats-incertains-pour-les-armees-devastateurs-pour-les-civils_620305\" target=\"_blank\" rel=\"nofollow noopener\">la \u00ab\u00a0diplomatie des drones\u00a0\u00bb d\u2019Ankara en Afrique<\/a>\u00a0: \u00ab\u00a0La Turquie a r\u00e9ussi \u00e0 transformer sa base industrielle et technologique de d\u00e9fense en un outil de diplomatie et d\u2019influence. Les drones Bayraktar TB2 et TAI Anka sont devenus des r\u00e9f\u00e9rences sur l\u2019ensemble du continent.\u00a0\u00bb A la mi-novembre, Baykar, fabricant du premier mod\u00e8le, figurait ainsi au premier rang du premier Salon Bamako Expo (Bamex\u201925), d\u00e9di\u00e9 \u00e0 l\u2019industrie de d\u00e9fense turque.<\/p>\n<p>L\u2019entreprise dirig\u00e9e par Sel\u00e7uk Bayraktar\u00a0\u2013\u00a0gendre du pr\u00e9sident turc\u00a0\u2013\u00a0a tiss\u00e9 des relations \u00e9troites avec le Mali. D\u00e8s 2022, Bamako a commenc\u00e9 \u00e0 r\u00e9ceptionner des TB2 et, fin 2024, l\u2019arm\u00e9e malienne a re\u00e7u ses premiers mod\u00e8les Akinci.<\/p>\n<p><a href=\"https:\/\/www.challenges.fr\/monde\/au-mali-la-turquie-devoile-son-arsenal-et-simpose-comme-nouveau-fournisseur-strategique-du-sahel_633779\" rel=\"noopener noreferrer nofollow\" class=\"cursor-pointer decoration-inherit\" stop=\"false\" data-v-a5631e0e=\"\" target=\"_blank\"><\/p>\n<p>Au Mali, la Turquie d\u00e9voile son arsenal et s\u2019impose comme nouveau fournisseur strat\u00e9gique du Sahel<\/p>\n<p><\/a><a href=\"https:\/\/www.challenges.fr\/monde\/au-mali-la-turquie-devoile-son-arsenal-et-simpose-comme-nouveau-fournisseur-strategique-du-sahel_633779\" rel=\"noopener noreferrer nofollow\" class=\"cursor-pointer decoration-inherit\" stop=\"false\" data-v-a5631e0e=\"\" target=\"_blank\"><\/a><\/p>\n<p>D\u2019autres soci\u00e9t\u00e9s d\u2019armement \u00e9taient pr\u00e9sentes au Bamex\u201925\u00a0: Aselsan, Roketsan, Sarsilmaz\u2026 Aux yeux des r\u00e9gimes africains, Ankara et ses industriels ont l\u2019avantage d\u2019ouvrir une troisi\u00e8me voie, entre les forces occidentales, sur le d\u00e9part, <a href=\"https:\/\/www.challenges.fr\/monde\/la-russie-puissance-africaine-majeure-parmi-d-autres_898615\" target=\"_blank\" rel=\"nofollow noopener\">et la Russie, qui monte en puissance dans la r\u00e9gion<\/a>.<\/p>\n<p>La Turquie pousse ce m\u00eame avantage dans un autre pan de l\u2019\u00e9cosyst\u00e8me de d\u00e9fense et de s\u00e9curit\u00e9. Au Mali, le groupe paramilitaire Sadat contribuerait \u00e0 la s\u00e9curit\u00e9 du chef de la junte malienne, Assimi Go\u00efta. Il serait aussi actif au Niger. Fond\u00e9 par l\u2019ex-g\u00e9n\u00e9ral Adnan Tanriverdi, proche conseiller d\u2019Erdogan, il \u00ab\u00a0refl\u00e8te la mani\u00e8re dont la Turquie peut recourir \u00e0 des soci\u00e9t\u00e9s de s\u00e9curit\u00e9 priv\u00e9es pour promouvoir ses int\u00e9r\u00eats strat\u00e9giques et s\u00e9curitaires en Afrique et au Moyen-Orient, \u00e0 l\u2019instar du <a href=\"https:\/\/www.challenges.fr\/monde\/le-groupe-paramilitaire-russe-wagner-quitte-le-mali-remplace-par-africa-corps_605736\" target=\"_blank\" rel=\"nofollow noopener\">groupe paramilitaire russe Wagner<\/a>\u00a0\u2013\u00a0quoique dans une moindre mesure\u00a0\u00bb, note la FRS.<\/p>\n","protected":false},"excerpt":{"rendered":"L\u2019expression figure dans une note publi\u00e9e le 30\u00a0d\u00e9cembre 2025 par la Fondation pour la recherche strat\u00e9gique (FRS)\u00a0: la&hellip;\n","protected":false},"author":2,"featured_media":24920,"comment_status":"","ping_status":"","sticky":false,"template":"","format":"standard","meta":{"footnotes":""},"categories":[62],"tags":[64,965,2931,7494],"class_list":{"0":"post-24919","1":"post","2":"type-post","3":"status-publish","4":"format-standard","5":"has-post-thumbnail","7":"category-afrique","8":"tag-afrique","9":"tag-mali","10":"tag-niger","11":"tag-turquie"},"share_on_mastodon":{"url":"","error":""},"_links":{"self":[{"href":"https:\/\/www.europesays.com\/africa\/wp-json\/wp\/v2\/posts\/24919","targetHints":{"allow":["GET"]}}],"collection":[{"href":"https:\/\/www.europesays.com\/africa\/wp-json\/wp\/v2\/posts"}],"about":[{"href":"https:\/\/www.europesays.com\/africa\/wp-json\/wp\/v2\/types\/post"}],"author":[{"embeddable":true,"href":"https:\/\/www.europesays.com\/africa\/wp-json\/wp\/v2\/users\/2"}],"replies":[{"embeddable":true,"href":"https:\/\/www.europesays.com\/africa\/wp-json\/wp\/v2\/comments?post=24919"}],"version-history":[{"count":0,"href":"https:\/\/www.europesays.com\/africa\/wp-json\/wp\/v2\/posts\/24919\/revisions"}],"wp:featuredmedia":[{"embeddable":true,"href":"https:\/\/www.europesays.com\/africa\/wp-json\/wp\/v2\/media\/24920"}],"wp:attachment":[{"href":"https:\/\/www.europesays.com\/africa\/wp-json\/wp\/v2\/media?parent=24919"}],"wp:term":[{"taxonomy":"category","embeddable":true,"href":"https:\/\/www.europesays.com\/africa\/wp-json\/wp\/v2\/categories?post=24919"},{"taxonomy":"post_tag","embeddable":true,"href":"https:\/\/www.europesays.com\/africa\/wp-json\/wp\/v2\/tags?post=24919"}],"curies":[{"name":"wp","href":"https:\/\/api.w.org\/{rel}","templated":true}]}}