{"id":24925,"date":"2026-01-15T12:01:10","date_gmt":"2026-01-15T12:01:10","guid":{"rendered":"https:\/\/www.europesays.com\/africa\/24925\/"},"modified":"2026-01-15T12:01:10","modified_gmt":"2026-01-15T12:01:10","slug":"la-nouvelle-cheffe-de-mission-du-fmi-attendue-au-senegal-la-semaine-prochaine","status":"publish","type":"post","link":"https:\/\/www.europesays.com\/africa\/24925\/","title":{"rendered":"La nouvelle cheffe de mission du FMI attendue au S\u00e9n\u00e9gal la semaine prochaine"},"content":{"rendered":"<p>DAKAR, 15 janv. &#8211; La nouvelle cheffe de mission du Fonds mon\u00e9taire international (FMI) pour le S\u00e9n\u00e9gal effectuera un court s\u00e9jour dans ce pays d&#8217;Afrique de l&#8217;Ouest au d\u00e9but de la semaine prochaine, a indiqu\u00e9 un porte-parole du FMI, pr\u00e9cisant toutefois qu&#8217;aucune n\u00e9gociation de fond n&#8217;\u00e9tait pr\u00e9vue.<\/p>\n<p>Le S\u00e9n\u00e9gal fait face \u00e0 un endettement que le FMI estime \u00e0 132% du produit int\u00e9rieur brut \u00e0 la fin de 2024, apr\u00e8s que les dirigeants actuels ont d\u00e9couvert des milliards de dollars d&#8217;emprunts non d\u00e9clar\u00e9s par l&#8217;administration pr\u00e9c\u00e9dente.<\/p>\n<p>Le FMI a suspendu un programme de pr\u00eat de 1,8 milliard de dollars en raison de cette controverse, obligeant le S\u00e9n\u00e9gal \u00e0 s&#8217;appuyer massivement sur les adjudications r\u00e9gionales pour couvrir ses besoins de financement. Le gouvernement est en discussions avec le Fonds depuis plusieurs mois afin d&#8217;\u00e9tablir un nouveau programme.<\/p>\n<p>La cheffe de mission Mercedes Vera Martin se rendra au S\u00e9n\u00e9gal accompagn\u00e9e de son pr\u00e9d\u00e9cesseur, Edward Gemayel, pour une &#8220;premi\u00e8re visite introductive&#8221; en d\u00e9but de semaine prochaine, a pr\u00e9cis\u00e9 le porte-parole mercredi soir.<\/p>\n<p>Les deux responsables devraient rencontrer les autorit\u00e9s s\u00e9n\u00e9galaises, mais aucune n\u00e9gociation de fond n&#8217;est attendue dans l&#8217;imm\u00e9diat, a confi\u00e9 \u00e0 Reuters une source proche du dossier.<\/p>\n<p>Les minist\u00e8res s\u00e9n\u00e9galais de l&#8217;\u00e9conomie et des finances n&#8217;ont pas imm\u00e9diatement r\u00e9pondu aux sollicitations.<\/p>\n<p>Vera Martin a supervis\u00e9 la restructuration de la dette de la Zambie en tant que cheffe de mission de 2023 \u00e0 2025. Gemayel va lui succ\u00e9der \u00e0 la t\u00eate de la mission zambienne.<\/p>\n<p>Les autorit\u00e9s s\u00e9n\u00e9galaises ont r\u00e9p\u00e9t\u00e9ment exclu toute restructuration de la dette, tout en affirmant esp\u00e9rer finaliser rapidement un programme de pr\u00eat avec le FMI.<\/p>\n","protected":false},"excerpt":{"rendered":"DAKAR, 15 janv. &#8211; La nouvelle cheffe de mission du Fonds mon\u00e9taire international (FMI) pour le S\u00e9n\u00e9gal effectuera&hellip;\n","protected":false},"author":2,"featured_media":24926,"comment_status":"","ping_status":"","sticky":false,"template":"","format":"standard","meta":{"footnotes":""},"categories":[48],"tags":[5921,159],"class_list":{"0":"post-24925","1":"post","2":"type-post","3":"status-publish","4":"format-standard","5":"has-post-thumbnail","7":"category-senegal","8":"tag-bourse","9":"tag-senegal"},"share_on_mastodon":{"url":"","error":""},"_links":{"self":[{"href":"https:\/\/www.europesays.com\/africa\/wp-json\/wp\/v2\/posts\/24925","targetHints":{"allow":["GET"]}}],"collection":[{"href":"https:\/\/www.europesays.com\/africa\/wp-json\/wp\/v2\/posts"}],"about":[{"href":"https:\/\/www.europesays.com\/africa\/wp-json\/wp\/v2\/types\/post"}],"author":[{"embeddable":true,"href":"https:\/\/www.europesays.com\/africa\/wp-json\/wp\/v2\/users\/2"}],"replies":[{"embeddable":true,"href":"https:\/\/www.europesays.com\/africa\/wp-json\/wp\/v2\/comments?post=24925"}],"version-history":[{"count":0,"href":"https:\/\/www.europesays.com\/africa\/wp-json\/wp\/v2\/posts\/24925\/revisions"}],"wp:featuredmedia":[{"embeddable":true,"href":"https:\/\/www.europesays.com\/africa\/wp-json\/wp\/v2\/media\/24926"}],"wp:attachment":[{"href":"https:\/\/www.europesays.com\/africa\/wp-json\/wp\/v2\/media?parent=24925"}],"wp:term":[{"taxonomy":"category","embeddable":true,"href":"https:\/\/www.europesays.com\/africa\/wp-json\/wp\/v2\/categories?post=24925"},{"taxonomy":"post_tag","embeddable":true,"href":"https:\/\/www.europesays.com\/africa\/wp-json\/wp\/v2\/tags?post=24925"}],"curies":[{"name":"wp","href":"https:\/\/api.w.org\/{rel}","templated":true}]}}