{"id":24943,"date":"2026-01-15T12:12:10","date_gmt":"2026-01-15T12:12:10","guid":{"rendered":"https:\/\/www.europesays.com\/africa\/24943\/"},"modified":"2026-01-15T12:12:10","modified_gmt":"2026-01-15T12:12:10","slug":"afrique-la-bad-vise-402-milliards-usd-pour-le-developpement","status":"publish","type":"post","link":"https:\/\/www.europesays.com\/africa\/24943\/","title":{"rendered":"Afrique : la BAD vise 402\u202fmilliards USD pour le d\u00e9veloppement"},"content":{"rendered":"<p>Le 13 janvier 2026, \u00e0 Abidjan, la Banque africaine de d\u00e9veloppement (BAD) a lanc\u00e9 un nouveau partenariat strat\u00e9gique avec les bailleurs arabes pour combler le d\u00e9ficit annuel de financement du d\u00e9veloppement, estim\u00e9 \u00e0 402\u202fmilliards de dollars. Face \u00e0 la diminution de l\u2019aide traditionnelle des donateurs occidentaux, cette initiative constitue une \u00e9tape majeure pour mobiliser des fonds coordonn\u00e9s \u00e0 long terme et soutenir l\u2019industrialisation, la cr\u00e9ation d\u2019emplois et la croissance \u00e9conomique en Afrique.<\/p>\n<p>A Abidjan en C\u00f4te d\u2019Ivoire, la Banque africaine de d\u00e9veloppement (BAD) a organis\u00e9 sa premi\u00e8re rencontre strat\u00e9gique avec les bailleurs de fonds arabes le 13 janvier 2026. L\u2019objectif est de renforcer la coop\u00e9ration pour combler le d\u00e9ficit de financement du d\u00e9veloppement en Afrique, estim\u00e9 \u00e0 402 milliards de dollars par an selon la BAD. Cette initiative intervient alors que des donateurs traditionnels occidentaux, dont les \u00c9tats-Unis, r\u00e9duisent progressivement leur aide publique au d\u00e9veloppement.<\/p>\n<p>Une augmentation des capitaux en provenance des partenaires financiers arabes viendrait compl\u00e9ter les financements mobilis\u00e9s aupr\u00e8s des bailleurs de fonds traditionnels, renfor\u00e7ant ainsi la capacit\u00e9 de la Banque africaine de d\u00e9veloppement \u00e0 soutenir et accompagner le d\u00e9veloppement sur l\u2019ensemble du continent africain et \u00e0 faciliter la mise en \u0153uvrede l\u2019un des principaux axes du programme de son pr\u00e9sident, qui vise \u00e0 multiplier par dix les investissements de l\u2019organisation sur l\u2019ensemble du continent.\u00a0<\/p>\n<p>Jean Bosco Ngend, Analyste financier sp\u00e9cialiste des march\u00e9s de capitaux \u2013 Cameroun<\/p>\n<p>La BAD rappelle que le d\u00e9ficit de financement du d\u00e9veloppement a \u00e9t\u00e9 aggrav\u00e9 par des chocs ext\u00e9rieurs : crises \u00e9conomiques mondiales, inflation, tensions g\u00e9opolitiques et r\u00e9duction des d\u00e9penses \u00e0 l\u2019\u00e9tranger des pays donateurs.<\/p>\n<p>Pour y rem\u00e9dier, la BAD a sign\u00e9 avec le Groupe de coordination arabe (GCA) comprenant la Banque arabe pour le d\u00e9veloppement \u00e9conomique en Afrique (BADEA), le Fonds de l\u2019OPEP et le Fonds saoudien. Une d\u00e9claration de partenariat strat\u00e9gique visant \u00e0 mobiliser des financements coordonn\u00e9s et \u00e0 long terme pour l\u2019Afrique.<\/p>\n<p>Pour assurer l\u2019efficacit\u00e9 de ces financements et maximiser leur impact sur le d\u00e9veloppement du continent africain, la Banque africaine de d\u00e9veloppement peut mettre en place une s\u00e9rie de mesures parmi lesquelles prioriser les projets alli\u00e9s sur les priorit\u00e9s de d\u00e9veloppement national et r\u00e9gional africain en investissant dans des secteurs cl\u00e9s comme l\u2019industrie, l\u2019agriculture, l\u2019\u00e9nergie et l\u2019\u00e9ducation, en amplifiant le partenariat public-priv\u00e9 et en renfor\u00e7ant les capacit\u00e9s locales par des formations et le transfert de comp\u00e9tences.\u00a0<\/p>\n<p>Jean Bosco Ngend, Analyste financier sp\u00e9cialiste des march\u00e9s de capitaux \u2013 Cameroun<\/p>\n<p>En renfor\u00e7ant ses liens avec les bailleurs arabes, la Banque africaine de d\u00e9veloppement entend r\u00e9pondre \u00e0 l\u2019urgence du financement du d\u00e9veloppement, dans un contexte de r\u00e9duction des ressources traditionnelles.<\/p>\n<p>Une strat\u00e9gie qui marque un tournant majeur dans la coop\u00e9ration arabo-africaine, avec l\u2019ambition de combler durablement le d\u00e9ficit de financement et d\u2019acc\u00e9l\u00e9rer la transformation \u00e9conomique du continent.<\/p>\n","protected":false},"excerpt":{"rendered":"Le 13 janvier 2026, \u00e0 Abidjan, la Banque africaine de d\u00e9veloppement (BAD) a lanc\u00e9 un nouveau partenariat strat\u00e9gique&hellip;\n","protected":false},"author":2,"featured_media":24944,"comment_status":"","ping_status":"","sticky":false,"template":"","format":"standard","meta":{"footnotes":""},"categories":[62],"tags":[64],"class_list":{"0":"post-24943","1":"post","2":"type-post","3":"status-publish","4":"format-standard","5":"has-post-thumbnail","7":"category-afrique","8":"tag-afrique"},"share_on_mastodon":{"url":"","error":""},"_links":{"self":[{"href":"https:\/\/www.europesays.com\/africa\/wp-json\/wp\/v2\/posts\/24943","targetHints":{"allow":["GET"]}}],"collection":[{"href":"https:\/\/www.europesays.com\/africa\/wp-json\/wp\/v2\/posts"}],"about":[{"href":"https:\/\/www.europesays.com\/africa\/wp-json\/wp\/v2\/types\/post"}],"author":[{"embeddable":true,"href":"https:\/\/www.europesays.com\/africa\/wp-json\/wp\/v2\/users\/2"}],"replies":[{"embeddable":true,"href":"https:\/\/www.europesays.com\/africa\/wp-json\/wp\/v2\/comments?post=24943"}],"version-history":[{"count":0,"href":"https:\/\/www.europesays.com\/africa\/wp-json\/wp\/v2\/posts\/24943\/revisions"}],"wp:featuredmedia":[{"embeddable":true,"href":"https:\/\/www.europesays.com\/africa\/wp-json\/wp\/v2\/media\/24944"}],"wp:attachment":[{"href":"https:\/\/www.europesays.com\/africa\/wp-json\/wp\/v2\/media?parent=24943"}],"wp:term":[{"taxonomy":"category","embeddable":true,"href":"https:\/\/www.europesays.com\/africa\/wp-json\/wp\/v2\/categories?post=24943"},{"taxonomy":"post_tag","embeddable":true,"href":"https:\/\/www.europesays.com\/africa\/wp-json\/wp\/v2\/tags?post=24943"}],"curies":[{"name":"wp","href":"https:\/\/api.w.org\/{rel}","templated":true}]}}