{"id":24949,"date":"2026-01-15T12:15:10","date_gmt":"2026-01-15T12:15:10","guid":{"rendered":"https:\/\/www.europesays.com\/africa\/24949\/"},"modified":"2026-01-15T12:15:10","modified_gmt":"2026-01-15T12:15:10","slug":"une-nouvelle-victime-enregistree-omar-meurt-dans-datroces-conditions","status":"publish","type":"post","link":"https:\/\/www.europesays.com\/africa\/24949\/","title":{"rendered":"Une nouvelle victime enregistr\u00e9e, Omar meurt dans d&#8217;atroces conditions"},"content":{"rendered":"<p class=\"firstp\">La liesse populaire cons\u00e9cutive \u00e0 la victoire du S\u00e9n\u00e9gal face \u00e0 l\u2019\u00c9gypte, synonyme de qualification en finale de la Coupe d\u2019Afrique des Nations, a \u00e9t\u00e9 endeuill\u00e9e \u00e0 Ziguinchor par un grave accident de la circulation. Omar, jeune commer\u00e7ant, a perdu la vie \u00e0 la suite d\u2019une collision survenue en marge des c\u00e9l\u00e9brations, plongeant la capitale du Sud dans la consternation.<\/p>\n<p>Selon les premiers t\u00e9moignages recueillis, l\u2019accident s\u2019est produit en d\u00e9but de soir\u00e9e, peu de temps apr\u00e8s le coup de sifflet final de la rencontre. La route menant \u00e0 l\u2019h\u00f4pital r\u00e9gional de Ziguinchor connaissait une forte affluence, en raison des cort\u00e8ges spontan\u00e9s de motos, de v\u00e9hicules et de pi\u00e9tons c\u00e9l\u00e9brant la victoire des Lions de la Teranga.\n<\/p>\n<p>\u00c0 hauteur du march\u00e9 commun\u00e9ment appel\u00e9 Grand Dakar, deux motos circulant \u00e0 vive allure sont entr\u00e9es en collision, alors que la zone \u00e9tait satur\u00e9e de supporters arborant les couleurs nationales, chantant et klaxonnant. Le choc, qualifi\u00e9 de tr\u00e8s violent par des t\u00e9moins pr\u00e9sents sur les lieux, a n\u00e9cessit\u00e9 une intervention rapide des secours. Les sapeurs-pompiers et les agents de la Croix-Rouge, d\u00e9j\u00e0 mobilis\u00e9s pour encadrer les rassemblements li\u00e9s aux festivit\u00e9s, ont proc\u00e9d\u00e9 \u00e0 l\u2019\u00e9vacuation des bless\u00e9s vers le Centre hospitalier r\u00e9gional de Ziguinchor.\n<\/p>\n<p>Parmi les victimes figurait donc Omar, un jeune commer\u00e7ant \u00e2g\u00e9 d\u2019une trentaine d\u2019ann\u00e9es, originaire de <a href=\"https:\/\/www.senenews.com\/actualites\/injures-contre-une-caravane-de-touba-ca-kanam-le-tiktokeur-thier-toucouleur-lourdement-condamne_572471.html\" rel=\"nofollow noopener\" target=\"_blank\">Touba<\/a>. Install\u00e9 depuis plusieurs ann\u00e9es au march\u00e9 Mariama Di\u00e9dhiou, plus connu sous l\u2019appellation de march\u00e9 Grand Dakar, il y exer\u00e7ait une activit\u00e9 commerciale appr\u00e9ci\u00e9e par de nombreux clients et coll\u00e8gues. Gri\u00e8vement bless\u00e9, il a succomb\u00e9 \u00e0 ses blessures quelques heures apr\u00e8s son admission \u00e0 l\u2019h\u00f4pital, malgr\u00e9 les efforts du personnel m\u00e9dical.<\/p>\n<p>Son d\u00e9c\u00e8s a provoqu\u00e9 une vive \u00e9motion au sein du march\u00e9 et dans une partie de la communaut\u00e9 locale. Plusieurs commer\u00e7ants ont exprim\u00e9 leur choc et leur tristesse, soulignant qu\u2019il travaillait normalement quelques heures seulement avant le drame. Le second conducteur impliqu\u00e9 dans la collision demeure hospitalis\u00e9 au service des soins intensifs. Son pronostic vital reste engag\u00e9, selon une source m\u00e9dicale.<\/p>\n","protected":false},"excerpt":{"rendered":"La liesse populaire cons\u00e9cutive \u00e0 la victoire du S\u00e9n\u00e9gal face \u00e0 l\u2019\u00c9gypte, synonyme de qualification en finale de&hellip;\n","protected":false},"author":2,"featured_media":24950,"comment_status":"","ping_status":"","sticky":false,"template":"","format":"standard","meta":{"footnotes":""},"categories":[48],"tags":[781,159,163,239],"class_list":{"0":"post-24949","1":"post","2":"type-post","3":"status-publish","4":"format-standard","5":"has-post-thumbnail","7":"category-senegal","8":"tag-omar","9":"tag-senegal","10":"tag-senegal-actualites","11":"tag-societe"},"share_on_mastodon":{"url":"","error":""},"_links":{"self":[{"href":"https:\/\/www.europesays.com\/africa\/wp-json\/wp\/v2\/posts\/24949","targetHints":{"allow":["GET"]}}],"collection":[{"href":"https:\/\/www.europesays.com\/africa\/wp-json\/wp\/v2\/posts"}],"about":[{"href":"https:\/\/www.europesays.com\/africa\/wp-json\/wp\/v2\/types\/post"}],"author":[{"embeddable":true,"href":"https:\/\/www.europesays.com\/africa\/wp-json\/wp\/v2\/users\/2"}],"replies":[{"embeddable":true,"href":"https:\/\/www.europesays.com\/africa\/wp-json\/wp\/v2\/comments?post=24949"}],"version-history":[{"count":0,"href":"https:\/\/www.europesays.com\/africa\/wp-json\/wp\/v2\/posts\/24949\/revisions"}],"wp:featuredmedia":[{"embeddable":true,"href":"https:\/\/www.europesays.com\/africa\/wp-json\/wp\/v2\/media\/24950"}],"wp:attachment":[{"href":"https:\/\/www.europesays.com\/africa\/wp-json\/wp\/v2\/media?parent=24949"}],"wp:term":[{"taxonomy":"category","embeddable":true,"href":"https:\/\/www.europesays.com\/africa\/wp-json\/wp\/v2\/categories?post=24949"},{"taxonomy":"post_tag","embeddable":true,"href":"https:\/\/www.europesays.com\/africa\/wp-json\/wp\/v2\/tags?post=24949"}],"curies":[{"name":"wp","href":"https:\/\/api.w.org\/{rel}","templated":true}]}}