{"id":24968,"date":"2026-01-15T12:26:19","date_gmt":"2026-01-15T12:26:19","guid":{"rendered":"https:\/\/www.europesays.com\/africa\/24968\/"},"modified":"2026-01-15T12:26:19","modified_gmt":"2026-01-15T12:26:19","slug":"demain-dans-vos-agendas-algerie-afrique-amerique-latine-transport-thailande","status":"publish","type":"post","link":"https:\/\/www.europesays.com\/africa\/24968\/","title":{"rendered":"Demain dans vos agendas\u00a0: Alg\u00e9rie, Afrique, Am\u00e9rique latine, transport, Tha\u00eflande"},"content":{"rendered":"<p>Alg\u00e9rie\u00a0: Chaque ann\u00e9e, la loi de finances alg\u00e9rienne introduit de nouvelles mesures destin\u00e9es \u00e0 stimuler la croissance \u00e9conomique, moderniser l\u2019administration fiscale et encourager l\u2019innovation. Elle comporte \u00e9galement des dispositions susceptibles d\u2019influencer les op\u00e9rations d\u2019import-export ainsi que les investissements \u00e9trangers dans le pays. Afin de prendre connaissance de ces \u00e9volutions et de leur impact pour les investisseurs \u00e9trangers, la CCI de Paris Ile-de-France propose un atelier suivi d\u2019entretiens avec des experts du march\u00e9 alg\u00e9rien, le 23 janvier de 8h30 \u00e0 13h.<br \/>Pour consulter le programme et vous inscrire, <a href=\"https:\/\/www.entreprises.cci-paris-idf.fr\/offres\/atelier-loi-de-finances-algerienne-2026#msdynmkt_trackingcontext=7f41da41-586f-4621-9c0f-767be6770100\" rel=\"nofollow noopener\" target=\"_blank\">cliquez ici\u00a0!<\/a><\/p>\n<p>Afrique\u00a0: Une conf\u00e9rence d\u00e9di\u00e9e au continent, s\u2019est invit\u00e9e dans le programme du salon Bio 360. Ce salon sp\u00e9cialis\u00e9 dans les bio\u00e9nergies (biogaz, biohydrog\u00e8ne, biomat\u00e9rioaux\u2026) se tiendra les11 et 12 f\u00e9vrier \u00e0 Nantes. L\u2019Africa Day sera l\u2019occasion de d\u00e9couvrir des retours d\u2019exp\u00e9rience et des projets \u00e0 succ\u00e8s venus de tout le continent africain, mobilisant un large \u00e9ventail de ressources biog\u00e9niques, de technologies et de voies de valorisation \u00e9nerg\u00e9tique \u2013 des r\u00e9sidus agricoles aux d\u00e9chets municipaux, de l\u2019innovation \u00e0 petite \u00e9chelle aux d\u00e9ploiements industriels. \u00c0 travers des \u00e9tudes de cas concr\u00e8tes, Africa Day mettra en lumi\u00e8re des projets pionniers et r\u00e9v\u00e9lera l\u2019ampleur des opportunit\u00e9s \u00e0 venir en mati\u00e8re d\u2019investissement durable, de d\u00e9veloppement \u00e9conomique local et de coop\u00e9ration technologique. Les \u00e9changes et analyses porteront sur le biochar et les fili\u00e8res de captage et de stockage du carbone, le biogaz pour la chaleur, l\u2019\u00e9lectricit\u00e9, la cuisson -, le biom\u00e9thane, ainsi que le captage et la valorisation du bioCO\u2082, la bio-cog\u00e9n\u00e9ration (bio-CHP) et les mod\u00e8les \u00e9nerg\u00e9tiques d\u00e9centralis\u00e9s, la gaz\u00e9ification \u00e0 partir de r\u00e9sidus agricoles ou encore le d\u00e9veloppement de projets, les m\u00e9canismes de financement, les march\u00e9s carbone et les partenariats public-priv\u00e9.<br \/><a href=\"https:\/\/www.bio360expo.com\/?utm_medium=email&amp;utm_source=bees\" rel=\"nofollow noopener\" target=\"_blank\">Cliquez ici<\/a> pour en savoir plus\u00a0!<\/p>\n<p>Am\u00e9rique latine\u00a0: Les 12 et 13 mars prochains, Business France organise dans ses locaux parisiens un forum d\u2019affaires d\u00e9di\u00e9 \u00e0 l\u2019Am\u00e9rique latine, un march\u00e9 de 655 millions d\u2019habitants, dont une classe moyenne en croissance. Malgr\u00e9 de fortes disparit\u00e9s \u00e9conomiques, le continent compte une soixantaine de villes de plus d\u2019un million d\u2019habitants et un taux d\u2019urbanisation de pr\u00e8s de 90 %. Les besoins en mobilit\u00e9 urbaine, en gestion d\u2019eau et d\u2019assainissement ainsi qu\u2019en \u00e9clairage public sont immenses. Ce sont aussi des march\u00e9s consommateurs d\u2019innovation avec un \u00e9cosyst\u00e8me tech qui se consolide avec un boom des licornes (50 \u00e0 ce jour) et une \u00e9volution durable des habitudes de consommations avec l\u2019explosion de l\u2019e-commerce et un grand app\u00e9tit pour le \u00ab Digital Media \u00bb. Des opportunit\u00e9s existent dans les secteurs industriels, agricole \u2013 agroalimentaire, transports, transition \u00e9nerg\u00e9tique, services environnementaux (eau et d\u00e9chets), sant\u00e9, produits d\u2019hygi\u00e8ne et de beaut\u00e9, fintech et retail-e-commerce. Pour les d\u00e9couvrir, les participants pourront assister \u00e0 des conf\u00e9rences th\u00e9matiques mais aussi organiser des rendez-vous d\u2019affaires avec de potentiels clients ou partenaires.<br \/>Pour en savoir plus et vous inscrire, <a href=\"https:\/\/event.businessfrance.fr\/forum-amerique-latine\/\" rel=\"nofollow noopener\" target=\"_blank\">cliquez ici\u00a0!<\/a><\/p>\n<p>Transport\u00a0: Le salon international du transport et de la logistique (SITL), se tiendra du 31 mars au 2 avril au parc des expositions de Paris Nord Villepinte (hall 7). Des conf\u00e9rences anim\u00e9es par des experts reconnus, des barom\u00e8tres exclusifs et des espaces consacr\u00e9s permettront de d\u00e9couvrir les dispositifs qui connectent les diff\u00e9rents transports. D\u00e9cryptage des facteurs cl\u00e9s op\u00e9rationnels, avanc\u00e9es technologiques (IA, digitalisation), corridors europ\u00e9ens ou prospective 2040 : le salon se pr\u00e9sente comme la plateforme d\u2019acc\u00e9l\u00e9ration o\u00f9 d\u00e9cideurs, chargeurs et prestataires trouvent des r\u00e9ponses concr\u00e8tes. Les prestataires pr\u00e9sents montreront comment conjuguer performance \u00e9conomique et r\u00e9duction de l\u2019empreinte carbone gr\u00e2ce aux v\u00e9hicules \u00e0 faibles \u00e9missions, \u00e0 l\u2019optimisation des tourn\u00e9es par l\u2019intelligence artificielle et \u00e0 la mutualisation des flux. Le ferroviaire fera l\u2019objet d\u2019\u00e9changes d\u00e9di\u00e9s dans un contexte o\u00f9 l\u2019objectif de doublement de la part du fret rail d\u2019ici 2030 peine \u00e0 se concr\u00e9tiser, avec un focus sur le transport combin\u00e9 rail-route, la fiabilisation des services et les conditions n\u00e9cessaires au passage \u00e0 l\u2019\u00e9chelle.<br \/>Pour en savoir plus, <a href=\"https:\/\/www.sitl.eu\/fr-fr.html\" rel=\"nofollow noopener\" target=\"_blank\">cliquez ici\u00a0!<\/a><\/p>\n<p>Tha\u00eflande\u00a0: Les entreprises et les producteurs agroalimentaires de l\u2019UE sont invit\u00e9s \u00e0 se joindre au commissaire \u00e0 l\u2019agriculture et \u00e0 l\u2019alimentation, Christophe Hansen, dans le cadre d\u2019une mission de haut niveau du 24 au 29 mai \u00e0 Bangkok, en Tha\u00eflande. Cette mission permettra de mieux comprendre les conditions d\u2019acc\u00e8s au march\u00e9 tha\u00eflandais et mettra en \u00e9vidence les nouvelles opportunit\u00e9s commerciales pour les produits agroalimentaires et les boissons de l\u2019UE dans le contexte de l\u2019accord de libre-\u00e9change entre l\u2019UE et la Tha\u00eflande.<br \/>Pour consulter le programme et vous inscrire, <a href=\"https:\/\/ec.europa.eu\/eusurvey\/runner\/HlmThailandMay2026\" rel=\"nofollow noopener\" target=\"_blank\">cliquez ici\u00a0!<\/a><\/p>\n<p>\u00a0<\/p>\n","protected":false},"excerpt":{"rendered":"Alg\u00e9rie\u00a0: Chaque ann\u00e9e, la loi de finances alg\u00e9rienne introduit de nouvelles mesures destin\u00e9es \u00e0 stimuler la croissance \u00e9conomique,&hellip;\n","protected":false},"author":2,"featured_media":24969,"comment_status":"","ping_status":"","sticky":false,"template":"","format":"standard","meta":{"footnotes":""},"categories":[62],"tags":[64,617,255,15414,5163,15415,1704],"class_list":{"0":"post-24968","1":"post","2":"type-post","3":"status-publish","4":"format-standard","5":"has-post-thumbnail","7":"category-afrique","8":"tag-afrique","9":"tag-agenda","10":"tag-algerie","11":"tag-amerique-latine","12":"tag-marches","13":"tag-thailande","14":"tag-transport"},"share_on_mastodon":{"url":"","error":""},"_links":{"self":[{"href":"https:\/\/www.europesays.com\/africa\/wp-json\/wp\/v2\/posts\/24968","targetHints":{"allow":["GET"]}}],"collection":[{"href":"https:\/\/www.europesays.com\/africa\/wp-json\/wp\/v2\/posts"}],"about":[{"href":"https:\/\/www.europesays.com\/africa\/wp-json\/wp\/v2\/types\/post"}],"author":[{"embeddable":true,"href":"https:\/\/www.europesays.com\/africa\/wp-json\/wp\/v2\/users\/2"}],"replies":[{"embeddable":true,"href":"https:\/\/www.europesays.com\/africa\/wp-json\/wp\/v2\/comments?post=24968"}],"version-history":[{"count":0,"href":"https:\/\/www.europesays.com\/africa\/wp-json\/wp\/v2\/posts\/24968\/revisions"}],"wp:featuredmedia":[{"embeddable":true,"href":"https:\/\/www.europesays.com\/africa\/wp-json\/wp\/v2\/media\/24969"}],"wp:attachment":[{"href":"https:\/\/www.europesays.com\/africa\/wp-json\/wp\/v2\/media?parent=24968"}],"wp:term":[{"taxonomy":"category","embeddable":true,"href":"https:\/\/www.europesays.com\/africa\/wp-json\/wp\/v2\/categories?post=24968"},{"taxonomy":"post_tag","embeddable":true,"href":"https:\/\/www.europesays.com\/africa\/wp-json\/wp\/v2\/tags?post=24968"}],"curies":[{"name":"wp","href":"https:\/\/api.w.org\/{rel}","templated":true}]}}