{"id":25166,"date":"2026-01-15T14:23:11","date_gmt":"2026-01-15T14:23:11","guid":{"rendered":"https:\/\/www.europesays.com\/africa\/25166\/"},"modified":"2026-01-15T14:23:11","modified_gmt":"2026-01-15T14:23:11","slug":"a-rabat-les-marocains-chavirent-de-bonheur-avant-la-finale-de-la-can-face-au-senegal","status":"publish","type":"post","link":"https:\/\/www.europesays.com\/africa\/25166\/","title":{"rendered":"\u00e0 Rabat, les Marocains chavirent de bonheur avant la finale de la CAN face au S\u00e9n\u00e9gal"},"content":{"rendered":"\n<p class=\"c-chapo \">\n  Apr\u00e8s 120 minutes d&#8217;angoisse, les Lions de l&#8217;Atlas ont battu aux tirs au but le Nig\u00e9ria. Les supporters marocains ont laiss\u00e9 exploser leur joie et esp\u00e8rent le titre, d\u00e8s dimanche.\n<\/p>\n<p>      lire plus tard<\/p>\n<p id=\"dialog__title\" class=\"dialog__title\">Pour sauvegarder cet article, connectez-vous ou cr\u00e9ez un compte franceinfo<\/p>\n<p class=\"dialog__description\">Sans paiement. Sans abonnement.<\/p>\n<p>        Fermer la fen\u00eatre d\u2019activation des notifications France Info<\/p>\n<p>      cr\u00e9er votre compte<\/p>\n<p>      se connecter<\/p>\n<p>      :<\/p>\n<p>        Fermer la fen\u00eatre de pr\u00e9sentation<\/p>\n<p>    <img loading=\"lazy\" decoding=\"async\" class=\"signature__image lazyload\" width=\"100\" height=\"100\" data- alt=\"\" src=\"https:\/\/www.europesays.com\/africa\/wp-content\/uploads\/2026\/01\/64a7df4c5fe71_placeholder-36b69ec8.png\"\/><\/p>\n<p>    Publi\u00e9 le 15\/01\/2026 13:21<\/p>\n<p>      Mis \u00e0 jour le 15\/01\/2026 13:22<\/p>\n<p>        Temps de lecture : 3min<\/p>\n<p>    <img decoding=\"async\"  alt=\"Des supporters marocains pr\u00e9sents lors de la demi-finale de la CAN, entre le Maroc et le Nig\u00e9ria, le 14 janvier 2026, \u00e0 Rabat. (FAREED KOTB \/ ANADOLU)\" width=\"432\" height=\"243\" src=\"https:\/\/www.europesays.com\/africa\/wp-content\/uploads\/2026\/01\/068-aa-15012026-2603210-6968db8998bc8563567035.jpg\" fetchpriority=\"high\"\/><\/p>\n<p>      Des supporters marocains pr\u00e9sents lors de la demi-finale de la CAN, entre le Maroc et le Nig\u00e9ria, le 14 janvier 2026, \u00e0 Rabat. (FAREED KOTB \/ ANADOLU)<\/p>\n<p>En finale ! <a href=\"https:\/\/www.franceinfo.fr\/sports\/foot\/can\/reportage-c-est-le-reve-de-toute-une-nation-l-espoir-des-supporters-marocains-avant-la-demi-finale-de-la-can_7740739.html\" rel=\"nofollow noopener\" target=\"_blank\">Les Marocains en r\u00eavaient<\/a> et ils l\u2019auront : <a href=\"https:\/\/www.franceinfo.fr\/sports\/foot\/can\/can-2025-le-maroc-pays-hote-se-defait-du-nigeria-aux-tirs-au-but-et-rejoint-le-senegal-en-finale_7741561.html\" rel=\"nofollow noopener\" target=\"_blank\">les Lions de l&#8217;Atlas se sont qualifi\u00e9s<\/a>, mercredi 15 janvier, pour la finale de la Coupe d&#8217;Afrique des Nations, au bout de la nuit, en arrachant son billet aux mains du Nig\u00e9ria lors d&#8217;une s\u00e9ance de tirs au but irrespirable. Les Marocains, \u00e0 domicile, n&#8217;avaient pas r\u00e9ussi \u00e0 trouver la faille pendant 120 minutes et ont d\u00fb s&#8217;en remettre aux tirs au but pour se qualifier pour la finale de &#8220;leur&#8221; CAN. Et de quoi esp\u00e9rer, plus que jamais, un nouveau titre apr\u00e8s celui de&#8230; 1976 <a href=\"https:\/\/www.franceinfo.fr\/sports\/foot\/can\/can-grace-a-sadio-mane-le-senegal-elimine-l-egypte-et-se-qualifie-pour-la-finale_7741291.html\" rel=\"nofollow noopener\" target=\"_blank\">face au S\u00e9n\u00e9gal.<\/a><\/p>\n<p>Il est un plus de 23h30 quand une clameur &#8211; \u00e0 la hauteur du soulagement &#8211; \u00e9mane des plus de 65 000 supporters marocains, qui exultent \u00e0 l&#8217;unisson dans les tribunes du stade Moulay Abdellah, \u00e0 Rabat, en fusion pour f\u00eater cette finale que tout un pays attend.<\/p>\n<p>&#8220;C&#8217;est beaucoup d&#8217;\u00e9motions ! C&#8217;est le Maroc, c&#8217;est notre image. On est fiers de notre \u00e9quipe, de notre monarchie&#8230; Vive le Maroc, vive le roi !&#8221;, lance un spectateur.\u00a0&#8220;Incroyable, les \u00e9motions ! Vous avez vu ce match ? Ce sont des hommes, des guerriers, des Lions de l&#8217;Atlas, c&#8217;est \u00e7a qu&#8217;on veut !&#8221;, s&#8217;extasie un autre.<\/p>\n<p>&#8220;On est tr\u00e8s contents, je suis venu du sud de la France expr\u00e8s pour voir tous les matchs, et franchement c&#8217;est une fiert\u00e9. J&#8217;esp\u00e8re qu&#8217;ils vont aller au bout ! Merci \u00e0 tous, c&#8217;\u00e9tait une ambiance de feu aujourd&#8217;hui&#8221;, glisse un troisi\u00e8me, avant de crier &#8220;Dima Maghreb&#8221;, le signe de ralliement des supporters marocains.<\/p>\n<p>Des chants, des sifflets, une ambiance chaude et hostile qui a donc port\u00e9 les joueurs du Maroc vers la qualification, malgr\u00e9 les doutes. La soir\u00e9e aurait en effet pu mal tourner sur le terrain pour l&#8217;\u00e9quipe de Walid Regragui. Mais au milieu de terrain, l&#8217;ancien Lensois, Neil El Aynaoui s&#8217;est senti pouss\u00e9 des ailes : &#8220;C&#8217;est exceptionnel ce qu&#8217;on a vu ce soir&#8230; C&#8217;est incroyable : jouer dans ce stade avec plus de 60 000 supporters, c&#8217;est un truc de fou ! Je pense qu&#8217;ils se rendent compte de l&#8217;importance qu&#8217;ils ont sur les matchs.&#8221;<\/p>\n<p>La ferveur, donc, au stade et dans les rues de Rabat, une bonne partie de la nuit, pour ce public parfois si critique envers son s\u00e9lectionneur. Walid Regragui a \u00e9t\u00e9 applaudi en conf\u00e9rence de presse, et a tenu \u00e0 remercier les supporters. &#8220;Je suis tr\u00e8s, tr\u00e8s heureux pour le public marocain qui m\u00e9rite \u00e7a. On a tellement souffert, et le fait d&#8217;\u00eatre aujourd&#8217;hui en finale de la Coupe d&#8217;Afrique chez nous, c&#8217;est un beau cadeau. Maintenant, comme vous le savez, il va falloir vite r\u00e9cup\u00e9rer, parce qu&#8217;on a beaucoup l\u00e2ch\u00e9 d&#8217;\u00e9nergie&#8230; F\u00e9licitations \u00e0 nos joueurs et au public, parce qu&#8217;on a jou\u00e9 \u00e0 12. Vraiment.&#8221;<\/p>\n<p>Rabat va d\u00e9sormais pouvoir rattraper le sommeil en retard d&#8217;ici dimanche, et la finale face \u00e0 un pays fr\u00e8re, le S\u00e9n\u00e9gal, l&#8217;autre grand favori de la comp\u00e9tition.<\/p>\n","protected":false},"excerpt":{"rendered":"Apr\u00e8s 120 minutes d&#8217;angoisse, les Lions de l&#8217;Atlas ont battu aux tirs au but le Nig\u00e9ria. Les supporters&hellip;\n","protected":false},"author":2,"featured_media":25167,"comment_status":"","ping_status":"","sticky":false,"template":"","format":"standard","meta":{"footnotes":""},"categories":[48],"tags":[159],"class_list":{"0":"post-25166","1":"post","2":"type-post","3":"status-publish","4":"format-standard","5":"has-post-thumbnail","7":"category-senegal","8":"tag-senegal"},"share_on_mastodon":{"url":"","error":""},"_links":{"self":[{"href":"https:\/\/www.europesays.com\/africa\/wp-json\/wp\/v2\/posts\/25166","targetHints":{"allow":["GET"]}}],"collection":[{"href":"https:\/\/www.europesays.com\/africa\/wp-json\/wp\/v2\/posts"}],"about":[{"href":"https:\/\/www.europesays.com\/africa\/wp-json\/wp\/v2\/types\/post"}],"author":[{"embeddable":true,"href":"https:\/\/www.europesays.com\/africa\/wp-json\/wp\/v2\/users\/2"}],"replies":[{"embeddable":true,"href":"https:\/\/www.europesays.com\/africa\/wp-json\/wp\/v2\/comments?post=25166"}],"version-history":[{"count":0,"href":"https:\/\/www.europesays.com\/africa\/wp-json\/wp\/v2\/posts\/25166\/revisions"}],"wp:featuredmedia":[{"embeddable":true,"href":"https:\/\/www.europesays.com\/africa\/wp-json\/wp\/v2\/media\/25167"}],"wp:attachment":[{"href":"https:\/\/www.europesays.com\/africa\/wp-json\/wp\/v2\/media?parent=25166"}],"wp:term":[{"taxonomy":"category","embeddable":true,"href":"https:\/\/www.europesays.com\/africa\/wp-json\/wp\/v2\/categories?post=25166"},{"taxonomy":"post_tag","embeddable":true,"href":"https:\/\/www.europesays.com\/africa\/wp-json\/wp\/v2\/tags?post=25166"}],"curies":[{"name":"wp","href":"https:\/\/api.w.org\/{rel}","templated":true}]}}