{"id":25271,"date":"2026-01-15T15:19:18","date_gmt":"2026-01-15T15:19:18","guid":{"rendered":"https:\/\/www.europesays.com\/africa\/25271\/"},"modified":"2026-01-15T15:19:18","modified_gmt":"2026-01-15T15:19:18","slug":"senegal-egypte-en-direct-a-quelle-heure-et-sur-quelle-chaine-voir-la-demi-finale-de-la-can","status":"publish","type":"post","link":"https:\/\/www.europesays.com\/africa\/25271\/","title":{"rendered":"S\u00e9n\u00e9gal \u2013 \u00c9gypte en direct : \u00e0 quelle heure et sur quelle cha\u00eene voir la demi-finale de la CAN ?"},"content":{"rendered":"<p class=\"paragraph text_align_left lp-f-body-02\">Le S\u00e9n\u00e9gal aborde ce match dans la dynamique du tenant du titre continental. Apr\u00e8s avoir \u00e9limin\u00e9 le Mali en quarts de finale (1-0), les Lions de la T\u00e9ranga affichent une solidit\u00e9 collective exemplaire, avec une capacit\u00e9 \u00e0 g\u00e9rer les temps forts et faibles d\u2019une rencontre \u00e0 enjeu \u00e9lev\u00e9. Sadio Man\u00e9 reste l\u2019un des leaders offensifs, capable de peser dans les duels et d\u2019ouvrir des br\u00e8ches dans les d\u00e9fenses les plus regroup\u00e9es. \u00c0 ses c\u00f4t\u00e9s, des \u00e9l\u00e9ments comme Iliman Ndiaye apportent dynamisme et cr\u00e9ativit\u00e9 dans les transitions, tandis que le jeune Ibrahim Mbaye, entr\u00e9 dans l\u2019histoire du S\u00e9n\u00e9gal en devenant son plus jeune buteur en CAN, symbolise l\u2019\u00e9quilibre entre exp\u00e9rience et jeunesse dans l\u2019\u00e9quipe. <\/p>\n<p class=\"\">L\u2019\u00c9gypte, de son c\u00f4t\u00e9, a arrach\u00e9 sa place en demi-finales en \u00e9liminant la C\u00f4te d\u2019Ivoire (3-2) en quarts, une performance qui a mis en lumi\u00e8re l\u2019efficacit\u00e9 et la d\u00e9termination des Pharaons malgr\u00e9 la domination territoriale adverse. Mohamed Salah reste le principal point d\u2019appui offensif des \u00c9gyptiens, auteur d\u2019un but d\u00e9cisif dans ce quart de finale et en passe d\u2019\u00e9galer certains records du tournoi, tandis que Omar Marmoush et Emam Ashour forment un trio capable de mettre \u00e0 mal les lignes adverses gr\u00e2ce \u00e0 leur mobilit\u00e9 et leur capacit\u00e9 \u00e0 combiner dans des espaces restreints. <\/p>\n<p class=\"\"><a href=\"https:\/\/ad.doubleclick.net\/ddm\/trackclk\/N6600.145219.LEPARISIEN.FR\/B32944843.412602257;dc_trk_aid=604786717;dc_trk_cid=228480032;dc_lat=;dc_rdid=;tag_for_child_directed_treatment=;tfua=;gdpr=$%7BGDPR%7D;gdpr_consent=$%7BGDPR_CONSENT_755%7D;ltd=;dc_tdv=1\" target=\"_blank\" rel=\"sponsored nofollow noopener\">Je regarde le match en direct<\/a><\/p>\n<p>Diffusion S\u00e9n\u00e9gal &#8211; \u00c9gypte : \u00e0 quelle heure et sur quelle cha\u00eene regarder le match ?<\/p>\n<p class=\"\"><a href=\"https:\/\/ad.doubleclick.net\/ddm\/trackclk\/N6600.145219.LEPARISIEN.FR\/B32944843.412602257;dc_trk_aid=604786717;dc_trk_cid=228480032;dc_lat=;dc_rdid=;tag_for_child_directed_treatment=;tfua=;gdpr=$%7BGDPR%7D;gdpr_consent=$%7BGDPR_CONSENT_755%7D;ltd=;dc_tdv=1\" target=\"_blank\" rel=\"sponsored nofollow noopener\">Le match S\u00e9n\u00e9gal \u2013 \u00c9gypte sera diffus\u00e9 ce mercredi 14 janvier \u00e0 18h sur beIN Sports 1<\/a>, avec une retransmission \u00e9galement accessible en streaming via les plateformes num\u00e9riques du diffuseur pour les abonn\u00e9s. Cette demi-finale promet de raviver l\u2019une des rivalit\u00e9s les plus intenses du football africain, avec en point de mire une place en finale de la CAN 2025.<\/p>\n","protected":false},"excerpt":{"rendered":"Le S\u00e9n\u00e9gal aborde ce match dans la dynamique du tenant du titre continental. Apr\u00e8s avoir \u00e9limin\u00e9 le Mali&hellip;\n","protected":false},"author":2,"featured_media":25272,"comment_status":"","ping_status":"","sticky":false,"template":"","format":"standard","meta":{"footnotes":""},"categories":[48],"tags":[2162,159,2163],"class_list":{"0":"post-25271","1":"post","2":"type-post","3":"status-publish","4":"format-standard","5":"has-post-thumbnail","7":"category-senegal","8":"tag-guide-shopping","9":"tag-senegal","10":"tag-tv-streaming"},"share_on_mastodon":{"url":"","error":""},"_links":{"self":[{"href":"https:\/\/www.europesays.com\/africa\/wp-json\/wp\/v2\/posts\/25271","targetHints":{"allow":["GET"]}}],"collection":[{"href":"https:\/\/www.europesays.com\/africa\/wp-json\/wp\/v2\/posts"}],"about":[{"href":"https:\/\/www.europesays.com\/africa\/wp-json\/wp\/v2\/types\/post"}],"author":[{"embeddable":true,"href":"https:\/\/www.europesays.com\/africa\/wp-json\/wp\/v2\/users\/2"}],"replies":[{"embeddable":true,"href":"https:\/\/www.europesays.com\/africa\/wp-json\/wp\/v2\/comments?post=25271"}],"version-history":[{"count":0,"href":"https:\/\/www.europesays.com\/africa\/wp-json\/wp\/v2\/posts\/25271\/revisions"}],"wp:featuredmedia":[{"embeddable":true,"href":"https:\/\/www.europesays.com\/africa\/wp-json\/wp\/v2\/media\/25272"}],"wp:attachment":[{"href":"https:\/\/www.europesays.com\/africa\/wp-json\/wp\/v2\/media?parent=25271"}],"wp:term":[{"taxonomy":"category","embeddable":true,"href":"https:\/\/www.europesays.com\/africa\/wp-json\/wp\/v2\/categories?post=25271"},{"taxonomy":"post_tag","embeddable":true,"href":"https:\/\/www.europesays.com\/africa\/wp-json\/wp\/v2\/tags?post=25271"}],"curies":[{"name":"wp","href":"https:\/\/api.w.org\/{rel}","templated":true}]}}