{"id":25299,"date":"2026-01-15T15:33:06","date_gmt":"2026-01-15T15:33:06","guid":{"rendered":"https:\/\/www.europesays.com\/africa\/25299\/"},"modified":"2026-01-15T15:33:06","modified_gmt":"2026-01-15T15:33:06","slug":"la-nouvelle-mariee-p-thiam-et-laffaire-de-la-sextape-qui-tombe-au-plus-mauvais-moment","status":"publish","type":"post","link":"https:\/\/www.europesays.com\/africa\/25299\/","title":{"rendered":"La nouvelle mari\u00e9e P. Thiam et l&#8217;affaire de la sextape qui tombe au plus mauvais moment"},"content":{"rendered":"<p class=\"firstp\">Le Tribunal de grande instance de Mbour a \u00e9t\u00e9 le th\u00e9\u00e2tre, ce mardi, d\u2019une affaire m\u00ealant intimit\u00e9, chantage et confrontation judiciaire. Au centre du dossier, une jeune femme r\u00e9cemment mari\u00e9e, P. Thiam, et un chauffeur de transport informel, S. Bathily, se sont mutuellement accus\u00e9s d\u2019avoir diffus\u00e9 des vid\u00e9os intimes.<\/p>\n<p>La proc\u00e9dure a \u00e9t\u00e9 d\u00e9clench\u00e9e par la plaignante, mari\u00e9e depuis septembre 2025 et r\u00e9sidant \u00e0 Sess\u00e8ne, qui a port\u00e9 plainte contre le chauffeur \u00e9tabli \u00e0 Dakar. Selon sa d\u00e9position, S. Bathily aurait commenc\u00e9, d\u00e9but janvier 2026, \u00e0 lui envoyer des photos et vid\u00e9os de leurs anciennes relations via WhatsApp, apr\u00e8s qu\u2019elle a rappel\u00e9 qu\u2019elle \u00e9tait d\u00e9sormais mari\u00e9e. La jeune femme a d\u00e9crit des messages et appels r\u00e9p\u00e9t\u00e9s \u00e0 connotation sexuelle, qu\u2019elle qualifie de tentatives de chantage obsc\u00e8ne.\n<\/p>\n<p>Pour mettre fin \u00e0 ce harc\u00e8lement, P. Thiam affirme avoir organis\u00e9 un pi\u00e8ge en invitant S. Bathily \u00e0 son domicile sous pr\u00e9texte d\u2019une rencontre intime, afin de permettre \u00e0 la gendarmerie de Thiadiaye de l\u2019interpeller. Le <a href=\"https:\/\/www.senenews.com\/actualites\/autoroute-deux-chauffeurs-de-ndiaga-ndiaye-deferes-pour-conduite-dangereuse_571685.html\" rel=\"nofollow noopener\" target=\"_blank\">chauffeur<\/a> a \u00e9t\u00e9 arr\u00eat\u00e9 sur place et plac\u00e9 en d\u00e9tention \u00e0 la Maison d\u2019arr\u00eat et de correction de Mbour.\n<\/p>\n<p>\u00c0 la barre, S. Bathily a pr\u00e9sent\u00e9 une version diff\u00e9rente, affirmant que la relation \u00e9tait consentie et entretenue \u00e0 distance. Il a d\u00e9clar\u00e9 que P. Thiam avait initi\u00e9 le contact t\u00e9l\u00e9phonique et lui avait envoy\u00e9 spontan\u00e9ment des vid\u00e9os intimes, en lien avec des transferts d\u2019argent modestes (2 000 puis 3 000 FCfa). Selon lui, le diff\u00e9rend serait survenu lorsqu\u2019il a refus\u00e9 de verser 30 000 FCfa, d\u00e9clenchant, selon lui, le stratag\u00e8me de la plaignante pour appara\u00eetre comme victime aupr\u00e8s de son mari, r\u00e9sidant \u00e0 Diourbel.<\/p>\n<p>Apr\u00e8s des d\u00e9bats anim\u00e9s, marqu\u00e9s par des accusations crois\u00e9es et l\u2019attention du public pr\u00e9sent, le tribunal a reconnu S. Bathily coupable de diffusion de vid\u00e9os contraires aux bonnes m\u0153urs. Il a \u00e9t\u00e9 condamn\u00e9 \u00e0 deux ans d\u2019emprisonnement, dont quatre mois ferme, soulignant la gravit\u00e9 des actes de chantage et la protection de la vie priv\u00e9e des victimes dans le cadre judiciaire.<\/p>\n","protected":false},"excerpt":{"rendered":"Le Tribunal de grande instance de Mbour a \u00e9t\u00e9 le th\u00e9\u00e2tre, ce mardi, d\u2019une affaire m\u00ealant intimit\u00e9, chantage&hellip;\n","protected":false},"author":2,"featured_media":25300,"comment_status":"","ping_status":"","sticky":false,"template":"","format":"standard","meta":{"footnotes":""},"categories":[48],"tags":[15597,159,163,239],"class_list":{"0":"post-25299","1":"post","2":"type-post","3":"status-publish","4":"format-standard","5":"has-post-thumbnail","7":"category-senegal","8":"tag-p-thiam","9":"tag-senegal","10":"tag-senegal-actualites","11":"tag-societe"},"share_on_mastodon":{"url":"","error":""},"_links":{"self":[{"href":"https:\/\/www.europesays.com\/africa\/wp-json\/wp\/v2\/posts\/25299","targetHints":{"allow":["GET"]}}],"collection":[{"href":"https:\/\/www.europesays.com\/africa\/wp-json\/wp\/v2\/posts"}],"about":[{"href":"https:\/\/www.europesays.com\/africa\/wp-json\/wp\/v2\/types\/post"}],"author":[{"embeddable":true,"href":"https:\/\/www.europesays.com\/africa\/wp-json\/wp\/v2\/users\/2"}],"replies":[{"embeddable":true,"href":"https:\/\/www.europesays.com\/africa\/wp-json\/wp\/v2\/comments?post=25299"}],"version-history":[{"count":0,"href":"https:\/\/www.europesays.com\/africa\/wp-json\/wp\/v2\/posts\/25299\/revisions"}],"wp:featuredmedia":[{"embeddable":true,"href":"https:\/\/www.europesays.com\/africa\/wp-json\/wp\/v2\/media\/25300"}],"wp:attachment":[{"href":"https:\/\/www.europesays.com\/africa\/wp-json\/wp\/v2\/media?parent=25299"}],"wp:term":[{"taxonomy":"category","embeddable":true,"href":"https:\/\/www.europesays.com\/africa\/wp-json\/wp\/v2\/categories?post=25299"},{"taxonomy":"post_tag","embeddable":true,"href":"https:\/\/www.europesays.com\/africa\/wp-json\/wp\/v2\/tags?post=25299"}],"curies":[{"name":"wp","href":"https:\/\/api.w.org\/{rel}","templated":true}]}}