{"id":25324,"date":"2026-01-15T15:47:29","date_gmt":"2026-01-15T15:47:29","guid":{"rendered":"https:\/\/www.europesays.com\/africa\/25324\/"},"modified":"2026-01-15T15:47:29","modified_gmt":"2026-01-15T15:47:29","slug":"senegal-egypte-1-0-grace-a-un-eclair-de-sadio-mane-les-lions-de-la-teranga-rejoignent-la-finale-de-la-can-2025","status":"publish","type":"post","link":"https:\/\/www.europesays.com\/africa\/25324\/","title":{"rendered":"S\u00e9n\u00e9gal-\u00c9gypte (1-0)\u00a0: gr\u00e2ce \u00e0 un \u00e9clair de Sadio Man\u00e9, les Lions de la Teranga rejoignent la finale de la CAN 2025"},"content":{"rendered":"<p class=\"paragraph text_align_left lp-f-body-02\">Et \u00e0 la fin, c\u2019est <a href=\"https:\/\/www.leparisien.fr\/sports\/football\/senegal\/\" target=\"_blank\" rel=\"nofollow noopener\">le S\u00e9n\u00e9gal<\/a> de <a href=\"https:\/\/www.leparisien.fr\/sports\/football\/coupe-d-afrique-des-nations\/can-2025-hakimi-salah-mahrez-toutes-les-superstars-du-foot-africain-au-rendez-vous-des-quarts-de-finale-07-01-2026-7EU2JPKRYBAX5ERS2GRQEESZW4.php\" target=\"_self\" rel=\"nofollow noopener\">Sadio Man\u00e9<\/a> qui gagne. Comme en finale de la CAN 2022 et en barrages de la Coupe du monde 2022, la star des Lions de la Teranga a men\u00e9 les siens vers la victoire <a href=\"https:\/\/www.leparisien.fr\/sports\/football\/coupe-d-afrique-des-nations\/senegal-egypte-salah-et-mane-deux-monuments-du-football-africain-se-defient-pour-une-place-en-finale-14-01-2026-AWTVPRDWMNEH5N2YYR4AV2URCA.php\" target=\"_blank\" rel=\"nofollow noopener\">dans son duel \u00e0 distance avec l\u2019\u00c9gypte de Mohamed Salah<\/a>, son ancien partenaire \u00e0 Liverpool.<\/p>\n<p class=\"\">Si, en 2022, <a href=\"https:\/\/www.leparisien.fr\/sports\/football\/football-sadio-mane-est-elu-meilleur-joueur-africain-de-l-annee-2019-07-01-2020-8231082.php\" target=\"_self\" rel=\"nofollow noopener\">le double Ballon d\u2019or africain<\/a> avait offert \u00e0 son pays <a href=\"https:\/\/www.leparisien.fr\/sports\/football\/can-2022-grace-a-mendy-son-gardien-le-senegal-sacre-pour-la-premiere-fois-au-bout-du-suspense-06-02-2022-RE7VRG6QBND6BMJ7LRKRZYRHIE.php\" target=\"_self\" rel=\"nofollow noopener\">la premi\u00e8re Coupe d\u2019Afrique de son histoire<\/a> en inscrivant le tir au but d\u00e9cisif au terme d\u2019une rencontre d\u00e9j\u00e0 ferm\u00e9e (0-0, 4-2 t.a.b.), le natif de Bambali a fait encore mieux ce mercredi \u00e0 Tanger en trouvant le chemin des filets dans le jeu.<\/p>\n<p class=\"\">Au plus fort de la pression s\u00e9n\u00e9galaise, Man\u00e9 a enfil\u00e9 la cape du sauveur, celle d\u2019une l\u00e9gende du football africain, en prenant sa chance \u00e0 l\u2019entr\u00e9e de la surface adverse apr\u00e8s un tir contr\u00e9 de Lamine Camara (1-0, 78e). Un \u00e9clair dans une nuit tang\u00e9roise jusqu\u2019alors bien terne, tant le bloc des Pharaons a longtemps paru in\u00e9branlable. C\u2019\u00e9tait sans compter sur le onzi\u00e8me but en phase finale de CAN du phare s\u00e9n\u00e9galais, le deuxi\u00e8me en 2025.<\/p>\n<p>Une rencontre totalement verrouill\u00e9e<\/p>\n<p class=\"\">Avant cet \u00e9pilogue fort en \u00e9motion, les d\u00e9bats ont longtemps \u00e9t\u00e9 verrouill\u00e9s. Comme chaque suiveur du football africain pouvait s\u2019y attendre, la rencontre a d\u2019abord \u00e9t\u00e9 ferm\u00e9e. Tr\u00e8s ferm\u00e9e m\u00eame. Sur la droite lign\u00e9e de leurs quatre derni\u00e8res confrontations, toutes boucl\u00e9es sur le score de 1-0 ou de 0-0 dans le temps r\u00e9glementaire, les deux formations se sont neutralis\u00e9es.<\/p>\n<p class=\"\">D\u2019un c\u00f4t\u00e9, des <a href=\"https:\/\/www.leparisien.fr\/sports\/football\/coupe-d-afrique-des-nations\/on-veut-faire-trembler-le-stade-plongee-chez-ce-groupe-de-supporters-senegalais-prets-a-tout-pour-leur-equipe-14-01-2026-AHPZST4EXFEJJMVYZXL7CVHL7U.php\" target=\"_self\" rel=\"nofollow noopener\">Lions de la Teranga<\/a> en ma\u00eetrise mais paralys\u00e9s par la crainte d\u2019offrir des contre-attaques dangereuses \u00e0 leur adversaire. De l\u2019autre, des <a href=\"https:\/\/www.leparisien.fr\/sports\/football\/coupe-d-afrique-des-nations\/can-2025-egypte-liste-joueur-a-suivre-calendrier-des-matchs-tout-savoir-sur-les-pharaons-16-12-2025-QTAK6P5KWNCBHCXKONMVRCARVE.php\" target=\"_self\" rel=\"nofollow noopener\">Pharaons<\/a> recroquevill\u00e9s sur leur but, dans leur plus pur style caract\u00e9ristique (31 % de possession, 1 tir, 0 cadr\u00e9, 0.00 d\u2019Expected Goals \u00e0 la mi-temps).<\/p>\n<p class=\"\">Totalement cadenass\u00e9, le premier acte a uniquement \u00e9t\u00e9 marqu\u00e9 par la lutte \u00e0 distance engag\u00e9e par les deux \u00e9quipes pour \u00e9viter les cartons jaunes. Et pour cause : avec 13 joueurs sous la menace d\u2019une suspension pour la finale, la peur de commettre un impair s\u2019est ajout\u00e9e \u00e0 la pression de l\u2019enjeu pour finir de p\u00e9trifier les acteurs.<\/p>\n<p>Koulibaly suspendu pour la finale<\/p>\n<p class=\"\">Parmi eux, <a href=\"https:\/\/www.leparisien.fr\/sports\/football\/mercato-kalidou-koulibaly-capitaine-du-senegal-quitte-chelsea-pour-larabie-saoudite-26-06-2023-HUHOQLNSTJCKNKNDW5YT6HU4DM.php\" target=\"_self\" rel=\"nofollow noopener\">le capitaine s\u00e9n\u00e9galais Kalidou Koulibaly<\/a> a vu le couperet tomber d\u00e8s la 17e minute en emp\u00eachant <a href=\"https:\/\/www.leparisien.fr\/sports\/football\/mercato-manchester-city-lattaquant-egyptien-omar-marmoush-sengage-jusquen-2029-23-01-2025-LGYAUKB4WFCXJCAHTDIIALF55Q.php\" target=\"_self\" rel=\"nofollow noopener\">Omar Marmoush<\/a> de partir en profondeur. Le cadre de la d\u00e9fense de <a href=\"https:\/\/www.leparisien.fr\/sports\/football\/coupe-d-afrique-des-nations\/football-pape-thiaw-confirme-au-poste-de-selectionneur-du-senegal-en-remplacement-daliou-cisse-13-12-2024-XSLGSFWUX5DDLGDOQFYP3ETHZY.php\" target=\"_self\" rel=\"nofollow noopener\">Pape Thiaw<\/a> a pris un deuxi\u00e8me coup sur la t\u00eate six minutes plus tard, lorsqu\u2019il s\u2019est allong\u00e9 sur le terrain, visiblement touch\u00e9 \u00e0 l\u2019adducteur gauche avant de c\u00e9der sa place au Strasbourgeois Mamadou Sarr (23e).<\/p>\n<p class=\"\">Sans la moindre occasion \u00e0 se mettre sous la dent lors de la premi\u00e8re p\u00e9riode, les spectateurs du Stade Ibn-Batouta de Tanger n\u2019ont pas eu le loisir de plus s\u2019enflammer au retour des vestiaires. Si le S\u00e9n\u00e9gal a maintenu la pression dans le camp adverse, ses joueurs offensifs ont pein\u00e9 \u00e0 faire sauter le verrou \u00e9gyptien, malgr\u00e9 les efforts d\u2019un Sadio Man\u00e9 tr\u00e8s actif sur la gauche de l\u2019attaque et finalement r\u00e9compens\u00e9 de son travail de sape. <\/p>\n<p class=\"\">Malgr\u00e9 un ultime coup de pression, symbolis\u00e9 par la frappe de Marmoush directement capt\u00e9e par \u00c9douard Mendy au c\u0153ur du temps additionnel (90e + 5), rien ne pouvait emp\u00eacher les Lions de se qualifier pour la quatri\u00e8me finale de leur histoire \u00e0 la CAN. Dans le viseur : un deuxi\u00e8me sacre continental, face au Nigeria ou au Maroc.<\/p>\n","protected":false},"excerpt":{"rendered":"Et \u00e0 la fin, c\u2019est le S\u00e9n\u00e9gal de Sadio Man\u00e9 qui gagne. Comme en finale de la CAN&hellip;\n","protected":false},"author":2,"featured_media":25325,"comment_status":"","ping_status":"","sticky":false,"template":"","format":"standard","meta":{"footnotes":""},"categories":[48],"tags":[360,311,159,264],"class_list":{"0":"post-25324","1":"post","2":"type-post","3":"status-publish","4":"format-standard","5":"has-post-thumbnail","7":"category-senegal","8":"tag-can","9":"tag-football","10":"tag-senegal","11":"tag-sports"},"share_on_mastodon":{"url":"","error":""},"_links":{"self":[{"href":"https:\/\/www.europesays.com\/africa\/wp-json\/wp\/v2\/posts\/25324","targetHints":{"allow":["GET"]}}],"collection":[{"href":"https:\/\/www.europesays.com\/africa\/wp-json\/wp\/v2\/posts"}],"about":[{"href":"https:\/\/www.europesays.com\/africa\/wp-json\/wp\/v2\/types\/post"}],"author":[{"embeddable":true,"href":"https:\/\/www.europesays.com\/africa\/wp-json\/wp\/v2\/users\/2"}],"replies":[{"embeddable":true,"href":"https:\/\/www.europesays.com\/africa\/wp-json\/wp\/v2\/comments?post=25324"}],"version-history":[{"count":0,"href":"https:\/\/www.europesays.com\/africa\/wp-json\/wp\/v2\/posts\/25324\/revisions"}],"wp:featuredmedia":[{"embeddable":true,"href":"https:\/\/www.europesays.com\/africa\/wp-json\/wp\/v2\/media\/25325"}],"wp:attachment":[{"href":"https:\/\/www.europesays.com\/africa\/wp-json\/wp\/v2\/media?parent=25324"}],"wp:term":[{"taxonomy":"category","embeddable":true,"href":"https:\/\/www.europesays.com\/africa\/wp-json\/wp\/v2\/categories?post=25324"},{"taxonomy":"post_tag","embeddable":true,"href":"https:\/\/www.europesays.com\/africa\/wp-json\/wp\/v2\/tags?post=25324"}],"curies":[{"name":"wp","href":"https:\/\/api.w.org\/{rel}","templated":true}]}}