{"id":25347,"date":"2026-01-15T16:00:18","date_gmt":"2026-01-15T16:00:18","guid":{"rendered":"https:\/\/www.europesays.com\/africa\/25347\/"},"modified":"2026-01-15T16:00:18","modified_gmt":"2026-01-15T16:00:18","slug":"can-feminine-2026-le-maroc-herite-du-senegal-de-lalgerie-et-du-kenya","status":"publish","type":"post","link":"https:\/\/www.europesays.com\/africa\/25347\/","title":{"rendered":"CAN f\u00e9minine 2026: le Maroc h\u00e9rite du S\u00e9n\u00e9gal, de l\u2019Alg\u00e9rie et du Kenya"},"content":{"rendered":"<p class=\"default__StyledText-sc-10mj2vp-0 CxBBS body-paragraph\">Pour la phase de groupes de la Coupe d\u2019Afrique des Nations f\u00e9minine, les Lionnes de l\u2019Atlas ont h\u00e9rit\u00e9 ce jeudi 15 janvier, \u00e0 l\u2019issue du tirage au sort tenu au complexe sportif Mohammed VI de football, du S\u00e9n\u00e9gal, de l\u2019Alg\u00e9rie et du Kenya.<\/p>\n<p class=\"default__StyledText-sc-10mj2vp-0 CxBBS body-paragraph\">Pour cette \u00e9dition qui se d\u00e9roulera du 17 mars au 3 avril 2026 au Maroc pour la troisi\u00e8me fois cons\u00e9cutive, la CAN f\u00e9minine passe de 12 \u00e0 16 \u00e9quipes.<\/p>\n<p class=\"default__StyledText-sc-10mj2vp-0 CxBBS body-paragraph\">Les Lionnes de l\u2019Atlas ont \u00e9t\u00e9 finalistes lors des deux derni\u00e8res \u00e9ditions: en 2022 face \u00e0 l\u2019Afrique du Sud, et en 2025 face au Nigeria.<\/p>\n<p class=\"default__StyledText-sc-10mj2vp-0 CxBBS body-paragraph\">Voici la composition des groupes de la CAN f\u00e9minine 2026:<\/p>\n<p class=\"default__StyledText-sc-10mj2vp-0 CxBBS body-paragraph\">Groupe A: Maroc, S\u00e9n\u00e9gal, Alg\u00e9rie, Kenya<\/p>\n<p class=\"default__StyledText-sc-10mj2vp-0 CxBBS body-paragraph\">Groupe B: Tanzanie, Burkina Faso, Afrique du Sud, C\u00f4te d\u2019Ivoire.<\/p>\n<p class=\"default__StyledText-sc-10mj2vp-0 CxBBS body-paragraph\">Groupe C: Zambie, Nig\u00e9ria, \u00c9gypte, Malawi<\/p>\n<p class=\"default__StyledText-sc-10mj2vp-0 CxBBS body-paragraph\">Groupe D: Cameroun, Ghana, Mali, Cap Vert<\/p>\n","protected":false},"excerpt":{"rendered":"Pour la phase de groupes de la Coupe d\u2019Afrique des Nations f\u00e9minine, les Lionnes de l\u2019Atlas ont h\u00e9rit\u00e9&hellip;\n","protected":false},"author":2,"featured_media":25348,"comment_status":"","ping_status":"","sticky":false,"template":"","format":"standard","meta":{"footnotes":""},"categories":[254],"tags":[255,15604,15605,158],"class_list":{"0":"post-25347","1":"post","2":"type-post","3":"status-publish","4":"format-standard","5":"has-post-thumbnail","7":"category-algerie","8":"tag-algerie","9":"tag-can-feminine","10":"tag-lionnes-de-l-atlas","11":"tag-maroc"},"share_on_mastodon":{"url":"","error":""},"_links":{"self":[{"href":"https:\/\/www.europesays.com\/africa\/wp-json\/wp\/v2\/posts\/25347","targetHints":{"allow":["GET"]}}],"collection":[{"href":"https:\/\/www.europesays.com\/africa\/wp-json\/wp\/v2\/posts"}],"about":[{"href":"https:\/\/www.europesays.com\/africa\/wp-json\/wp\/v2\/types\/post"}],"author":[{"embeddable":true,"href":"https:\/\/www.europesays.com\/africa\/wp-json\/wp\/v2\/users\/2"}],"replies":[{"embeddable":true,"href":"https:\/\/www.europesays.com\/africa\/wp-json\/wp\/v2\/comments?post=25347"}],"version-history":[{"count":0,"href":"https:\/\/www.europesays.com\/africa\/wp-json\/wp\/v2\/posts\/25347\/revisions"}],"wp:featuredmedia":[{"embeddable":true,"href":"https:\/\/www.europesays.com\/africa\/wp-json\/wp\/v2\/media\/25348"}],"wp:attachment":[{"href":"https:\/\/www.europesays.com\/africa\/wp-json\/wp\/v2\/media?parent=25347"}],"wp:term":[{"taxonomy":"category","embeddable":true,"href":"https:\/\/www.europesays.com\/africa\/wp-json\/wp\/v2\/categories?post=25347"},{"taxonomy":"post_tag","embeddable":true,"href":"https:\/\/www.europesays.com\/africa\/wp-json\/wp\/v2\/tags?post=25347"}],"curies":[{"name":"wp","href":"https:\/\/api.w.org\/{rel}","templated":true}]}}