{"id":25396,"date":"2026-01-15T16:29:07","date_gmt":"2026-01-15T16:29:07","guid":{"rendered":"https:\/\/www.europesays.com\/africa\/25396\/"},"modified":"2026-01-15T16:29:07","modified_gmt":"2026-01-15T16:29:07","slug":"le-senegal-deploie-des-mesures-preventives-dans-le-nord-du-pays","status":"publish","type":"post","link":"https:\/\/www.europesays.com\/africa\/25396\/","title":{"rendered":"LE S\u00c9N\u00c9GAL D\u00c9PLOIE DES MESURES PR\u00c9VENTIVES DANS LE NORD DU PAYS"},"content":{"rendered":"<p>Face \u00e0 la pr\u00e9sence signal\u00e9e de criquets p\u00e8lerins dans plusieurs localit\u00e9s du nord du S\u00e9n\u00e9gal, notamment \u00e0 Dagana, Louga, Saint-Louis, Podor et Matam, les autorit\u00e9s s\u00e9n\u00e9galaises ont enclench\u00e9 un dispositif de riposte pour prot\u00e9ger les cultures et la s\u00e9curit\u00e9 alimentaire. Le secr\u00e9taire ex\u00e9cutif du Conseil national de s\u00e9curit\u00e9 alimentaire (CNSA), Boubacar Dram\u00e9, a annonc\u00e9, ce 15 janvier, la mise en \u0153uvre d\u2019\u00ab actions coordonn\u00e9es et pr\u00e9ventives \u00bb dans la vall\u00e9e du fleuve S\u00e9n\u00e9gal.<\/p>\n<p>Ces mesures font suite aux premi\u00e8res alertes \u00e9mises par les services techniques, notamment la Direction de la protection des v\u00e9g\u00e9taux (DPV), qui ont d\u00e9tect\u00e9 des mouvements de criquets dans certaines zones agricoles sensibles. En r\u00e9action, une mission conjointe regroupant le CNSA, l\u2019Organisation des Nations unies pour l\u2019alimentation et l\u2019agriculture (FAO) et les services de l\u2019\u00c9tat s\u2019est rendue sur le terrain afin d\u2019\u00e9valuer la situation.<\/p>\n<p>Selon M. Dram\u00e9, cette mission avait pour objectif d\u2019identifier l\u2019ampleur des d\u00e9g\u00e2ts, de mesurer l\u2019efficacit\u00e9 des traitements d\u00e9j\u00e0 effectu\u00e9s et de renforcer la concertation avec les acteurs locaux. Les conclusions de cette mission ont donn\u00e9 lieu \u00e0 l\u2019\u00e9laboration d\u2019une note technique transmise au Premier ministre d\u00e8s les premi\u00e8res alertes, afin de permettre une r\u00e9action rapide et coordonn\u00e9e du gouvernement.<\/p>\n<p>Les autorit\u00e9s s\u00e9n\u00e9galaises entendent ainsi pr\u00e9venir toute aggravation de la situation et \u00e9viter que les criquets p\u00e8lerins ne compromettent les r\u00e9coltes et les moyens de subsistance des populations rurales. Cette vigilance s\u2019inscrit dans une strat\u00e9gie globale de protection de la s\u00e9curit\u00e9 alimentaire, dans une zone consid\u00e9r\u00e9e comme le grenier agricole du pays.<\/p>\n","protected":false},"excerpt":{"rendered":"Face \u00e0 la pr\u00e9sence signal\u00e9e de criquets p\u00e8lerins dans plusieurs localit\u00e9s du nord du S\u00e9n\u00e9gal, notamment \u00e0 Dagana,&hellip;\n","protected":false},"author":2,"featured_media":25397,"comment_status":"","ping_status":"","sticky":false,"template":"","format":"standard","meta":{"footnotes":""},"categories":[48],"tags":[159],"class_list":{"0":"post-25396","1":"post","2":"type-post","3":"status-publish","4":"format-standard","5":"has-post-thumbnail","7":"category-senegal","8":"tag-senegal"},"share_on_mastodon":{"url":"","error":""},"_links":{"self":[{"href":"https:\/\/www.europesays.com\/africa\/wp-json\/wp\/v2\/posts\/25396","targetHints":{"allow":["GET"]}}],"collection":[{"href":"https:\/\/www.europesays.com\/africa\/wp-json\/wp\/v2\/posts"}],"about":[{"href":"https:\/\/www.europesays.com\/africa\/wp-json\/wp\/v2\/types\/post"}],"author":[{"embeddable":true,"href":"https:\/\/www.europesays.com\/africa\/wp-json\/wp\/v2\/users\/2"}],"replies":[{"embeddable":true,"href":"https:\/\/www.europesays.com\/africa\/wp-json\/wp\/v2\/comments?post=25396"}],"version-history":[{"count":0,"href":"https:\/\/www.europesays.com\/africa\/wp-json\/wp\/v2\/posts\/25396\/revisions"}],"wp:featuredmedia":[{"embeddable":true,"href":"https:\/\/www.europesays.com\/africa\/wp-json\/wp\/v2\/media\/25397"}],"wp:attachment":[{"href":"https:\/\/www.europesays.com\/africa\/wp-json\/wp\/v2\/media?parent=25396"}],"wp:term":[{"taxonomy":"category","embeddable":true,"href":"https:\/\/www.europesays.com\/africa\/wp-json\/wp\/v2\/categories?post=25396"},{"taxonomy":"post_tag","embeddable":true,"href":"https:\/\/www.europesays.com\/africa\/wp-json\/wp\/v2\/tags?post=25396"}],"curies":[{"name":"wp","href":"https:\/\/api.w.org\/{rel}","templated":true}]}}