{"id":25440,"date":"2026-01-15T16:55:08","date_gmt":"2026-01-15T16:55:08","guid":{"rendered":"https:\/\/www.europesays.com\/africa\/25440\/"},"modified":"2026-01-15T16:55:08","modified_gmt":"2026-01-15T16:55:08","slug":"amethis-a-reuni-406-millions-deuros-pour-cibler-les-entreprises-de-demain-en-afrique","status":"publish","type":"post","link":"https:\/\/www.europesays.com\/africa\/25440\/","title":{"rendered":"Amethis a r\u00e9uni 406 millions d\u2019euros pour cibler les entreprises de demain en Afrique"},"content":{"rendered":"<p>L\u2019annonce a \u00e9t\u00e9 faite mi-janvier \u00e0 Paris. La lev\u00e9e a \u00e9t\u00e9 r\u00e9alis\u00e9e en partenariat avec Edmond de Rothschild Private Equity et a b\u00e9n\u00e9fici\u00e9 du soutien d\u2019investisseurs priv\u00e9s, de grandes familles, ainsi que d\u2019institutions publiques internationales, dont la Banque europ\u00e9enne d\u2019investissement et Bpifrance.<\/p>\n<p>Les investissements cibl\u00e9s devraient se situer entre 25 et 40 millions d\u2019euros par entreprise. Le fonds entend continuer de concentrer ses interventions sur des secteurs jug\u00e9s essentiels pour les \u00e9conomies africaines, notamment la sant\u00e9, l\u2019agroalimentaire, l\u2019\u00e9nergie et les services technologiques. L\u2019ambition affich\u00e9e est d\u2019accompagner des soci\u00e9t\u00e9s \u00e0 fort potentiel de croissance, souvent familiales, dans leur structuration et leur mont\u00e9e en puissance \u00e0 l\u2019\u00e9chelle r\u00e9gionale.<\/p>\n<p>Pour les fondateurs d\u2019Amethis, Luc Rigouzzo et Laurent Demey, l\u2019approche d\u00e9passe la seule logique financi\u00e8re. \u00ab Nous construisons, avec les entrepreneurs que nous nous engageons \u00e0 soutenir, une collaboration mutuellement responsabilisante qui cr\u00e9e de la valeur durable, alimente l\u2019innovation et contribue \u00e0 la croissance durable du continent africain \u00bb, expliquent-ils. Le fonds se positionne ainsi comme un outil de transformation \u00e0 long terme, visant l\u2019adoption de standards de gouvernance et de gestion conformes aux meilleures pratiques internationales.<\/p>\n<p>Amethis Fund III se distingue par son positionnement affirm\u00e9 en mati\u00e8re d\u2019investissement d\u2019impact. Chaque projet financ\u00e9 doit contribuer \u00e0 des objectifs mesurables, notamment en mati\u00e8re de cr\u00e9ation d\u2019emplois de qualit\u00e9, de promotion de l\u2019\u00e9galit\u00e9 entre les femmes et les hommes ou encore de protection de l\u2019environnement. Le fonds figure parmi les premiers en Afrique \u00e0 avoir obtenu la classification europ\u00e9enne la plus exigeante en mati\u00e8re de durabilit\u00e9.<\/p>\n<p>Pour renforcer la cr\u00e9dibilit\u00e9 de cet engagement, une partie de la r\u00e9mun\u00e9ration des gestionnaires est directement index\u00e9e sur l\u2019atteinte de ces objectifs sociaux et environnementaux.<\/p>\n<p>Selon Khady Kon\u00e9-Dicoh et Jean-S\u00e9bastien Bergasse, responsables de la strat\u00e9gie d\u2019investissement, ces choix refl\u00e8tent une approche fond\u00e9e sur une connaissance approfondie du terrain. \u00ab Nous sommes fiers de notre capacit\u00e9 \u00e0 maintenir cette dynamique avec une \u00e9quipe poss\u00e9dant une forte exp\u00e9rience de terrain et une strat\u00e9gie pleinement align\u00e9e sur les r\u00e9alit\u00e9s et les opportunit\u00e9s du continent africain \u00bb, soulignent-ils. \u00c0 terme, Amethis Fund III pr\u00e9voit d\u2019investir dans environ dix entreprises. Ses gestionnaires indiquent avoir d\u00e9j\u00e0 finalis\u00e9 quatre transactions, dont une sign\u00e9e et trois d\u00e9j\u00e0 cl\u00f4tur\u00e9es. Parmi les d\u00e9ploiements notables figurent Kazareen Textile Group en \u00c9gypte, sp\u00e9cialis\u00e9 dans la fabrication de v\u00eatements et de linge de maison destin\u00e9s \u00e0 l\u2019exportation, Capital Bank Solutions, actif dans les solutions informatiques pour le secteur bancaire, ainsi que BH Holdings au Maroc, un groupe op\u00e9rant dans la production et le conditionnement de fruits pour les march\u00e9s internationaux.<\/p>\n<p>Une autre transaction a fait l\u2019objet d\u2019un accord exclusif et suit actuellement le processus de finalisation. Le fonds est ainsi entr\u00e9, bien avant sa cl\u00f4ture, dans une phase active de d\u00e9ploiement, misant sur la convergence entre capitaux internationaux et entrepreneuriat local pour concilier performance \u00e9conomique et contribution au d\u00e9veloppement social et environnemental en Afrique. \u00ab Les \u00e9quipes d\u2019investissement d\u2019Amethis \u00e9valuent actuellement plusieurs opportunit\u00e9s \u00e0 travers le continent africain, dans le cadre d\u2019un processus particuli\u00e8rement rigoureux, visant \u00e0 ne retenir que les op\u00e9rations les plus convaincantes, offrant \u00e0 la fois un fort potentiel d\u2019impact et des rendements financiers attractifs \u00bb, apprend-on de la firme d\u2019investissement.<\/p>\n","protected":false},"excerpt":{"rendered":"L\u2019annonce a \u00e9t\u00e9 faite mi-janvier \u00e0 Paris. La lev\u00e9e a \u00e9t\u00e9 r\u00e9alis\u00e9e en partenariat avec Edmond de Rothschild&hellip;\n","protected":false},"author":2,"featured_media":25441,"comment_status":"","ping_status":"","sticky":false,"template":"","format":"standard","meta":{"footnotes":""},"categories":[62],"tags":[97,15659,64,15657,15662,15661,15663,5401,5012,15660,15658],"class_list":{"0":"post-25440","1":"post","2":"type-post","3":"status-publish","4":"format-standard","5":"has-post-thumbnail","7":"category-afrique","8":"tag-97","9":"tag-15659","10":"tag-afrique","11":"tag-amethis","12":"tag-cibler","13":"tag-deuros","14":"tag-demain","15":"tag-entreprises","16":"tag-la-tribune-afrique","17":"tag-millions","18":"tag-reuni"},"share_on_mastodon":{"url":"","error":""},"_links":{"self":[{"href":"https:\/\/www.europesays.com\/africa\/wp-json\/wp\/v2\/posts\/25440","targetHints":{"allow":["GET"]}}],"collection":[{"href":"https:\/\/www.europesays.com\/africa\/wp-json\/wp\/v2\/posts"}],"about":[{"href":"https:\/\/www.europesays.com\/africa\/wp-json\/wp\/v2\/types\/post"}],"author":[{"embeddable":true,"href":"https:\/\/www.europesays.com\/africa\/wp-json\/wp\/v2\/users\/2"}],"replies":[{"embeddable":true,"href":"https:\/\/www.europesays.com\/africa\/wp-json\/wp\/v2\/comments?post=25440"}],"version-history":[{"count":0,"href":"https:\/\/www.europesays.com\/africa\/wp-json\/wp\/v2\/posts\/25440\/revisions"}],"wp:featuredmedia":[{"embeddable":true,"href":"https:\/\/www.europesays.com\/africa\/wp-json\/wp\/v2\/media\/25441"}],"wp:attachment":[{"href":"https:\/\/www.europesays.com\/africa\/wp-json\/wp\/v2\/media?parent=25440"}],"wp:term":[{"taxonomy":"category","embeddable":true,"href":"https:\/\/www.europesays.com\/africa\/wp-json\/wp\/v2\/categories?post=25440"},{"taxonomy":"post_tag","embeddable":true,"href":"https:\/\/www.europesays.com\/africa\/wp-json\/wp\/v2\/tags?post=25440"}],"curies":[{"name":"wp","href":"https:\/\/api.w.org\/{rel}","templated":true}]}}