{"id":25487,"date":"2026-01-15T17:24:07","date_gmt":"2026-01-15T17:24:07","guid":{"rendered":"https:\/\/www.europesays.com\/africa\/25487\/"},"modified":"2026-01-15T17:24:07","modified_gmt":"2026-01-15T17:24:07","slug":"senegal-cest-la-finale-revee-la-coupe-dafrique-des-nations-vue-du-poinconnet","status":"publish","type":"post","link":"https:\/\/www.europesays.com\/africa\/25487\/","title":{"rendered":"S\u00e9n\u00e9gal, c\u2019est la finale r\u00eav\u00e9e !&#8221; La Coupe d\u2019Afrique des Nations vue du Poin\u00e7onnet"},"content":{"rendered":"<p>Le chambrage a d\u00e9j\u00e0 commenc\u00e9\u00a0: \u00ab\u00a0Aziz, sur les 40 buts qu\u2019il a marqu\u00e9s pour remporter le Soulier d\u2019Or 2017, je suis s\u00fbr qu\u2019il ne vous a pas dit que c\u2019est moi qui lui avais fait 39 passes d\u00e9cisives\u2026\u00a0\u00bb Halim Maanan, le Franco-Marocain, et <a target=\"_self\" href=\"https:\/\/www.lanouvellerepublique.fr\/indre\/dieng-c-etait-dingue\" rel=\"nofollow noopener\">Aziz Dieng<\/a>, franco-s\u00e9n\u00e9galais, co\u00e9quipiers au Poin\u00e7onnet (R3) adorent se taquiner autant qu\u2019ils se respectent. Les deux \u00ab\u00a0anciens\u00a0\u00bb du club sont aussi des joueurs de grande qualit\u00e9 qui tiennent un r\u00f4le primordial dans la tr\u00e8s bonne premi\u00e8re partie de saison du club. Ce dimanche, Maanan \u00e9tant suspendu, seul Dieng disputera le 8e\u00a0de finale de Coupe de l\u2019Indre \u00e0 Poulaines (14\u00a0h). Mais toujours ce dimanche, les deux ne manqueront pas une miette du grand rendez-vous qui s\u2019annonce\u00a0: la finale de la Coupe d\u2019Afrique des Nations (CAN) entre le pays organisateur, le Maroc, et l\u2019autre grand favori du tournoi, le S\u00e9n\u00e9gal.<\/p>\n<p>Les deux amis suivent l\u2019\u00e9preuve depuis le d\u00e9but, le 21\u00a0d\u00e9cembre dernier\u00a0: \u00ab\u00a0J\u2019ai regard\u00e9 toutes les rencontres du S\u00e9n\u00e9gal ainsi que les gros matchs\u00a0\u00bb, confie Aziz, \u00ab\u00a0souvent avec mes enfants (il en a quatre, \u00e2g\u00e9s de 9\u00a0ans \u00e0 2 mois)&#8230;. <\/p>\n<p>    Cet article a \u00e9t\u00e9 tronqu\u00e9. Abonnez-vous pour lire l&#8217;article complet sur notre site.<\/p>\n<p> On est partis en vacances au Maroc l\u2019\u00e9t\u00e9 dernier, pour eux aussi c\u2019est la finale r\u00eav\u00e9e\u00a0: le S\u00e9n\u00e9gal c\u2019est un peu leur pays, le Maroc c\u2019est le souvenir de bains de mer et de piscine\u2026\u00a0\u00bb<\/p>\n<p style=\"margin: 0 !important; padding: 0 !important; font-size: 12px !important;\">Cet article a \u00e9t\u00e9 tronqu\u00e9. Abonnez-vous pour lire l&#8217;article complet.<\/p>\n<p>    <a href=\"https:\/\/www.lanouvellerepublique.fr\/abonnements\" style=\"display: inline-block; margin-top: 5px !important; padding: 6px 12px !important; background: #cb1c27; color: white; text-decoration: none; border-radius: 4px; font-size: 12px !important;\" rel=\"nofollow noopener\" target=\"_blank\"><br \/>\n      S&#8217;abonner<br \/>\n    <\/a><\/p>\n","protected":false},"excerpt":{"rendered":"Le chambrage a d\u00e9j\u00e0 commenc\u00e9\u00a0: \u00ab\u00a0Aziz, sur les 40 buts qu\u2019il a marqu\u00e9s pour remporter le Soulier d\u2019Or&hellip;\n","protected":false},"author":2,"featured_media":25488,"comment_status":"","ping_status":"","sticky":false,"template":"","format":"standard","meta":{"footnotes":""},"categories":[62],"tags":[14863,64,361,311,15682,15683,15684,264],"class_list":{"0":"post-25487","1":"post","2":"type-post","3":"status-publish","4":"format-standard","5":"has-post-thumbnail","7":"category-afrique","8":"tag-a-la-une-local","9":"tag-afrique","10":"tag-coupe-du-monde","11":"tag-football","12":"tag-indre","13":"tag-le-poinconnet","14":"tag-regionaux-football","15":"tag-sports"},"share_on_mastodon":{"url":"","error":""},"_links":{"self":[{"href":"https:\/\/www.europesays.com\/africa\/wp-json\/wp\/v2\/posts\/25487","targetHints":{"allow":["GET"]}}],"collection":[{"href":"https:\/\/www.europesays.com\/africa\/wp-json\/wp\/v2\/posts"}],"about":[{"href":"https:\/\/www.europesays.com\/africa\/wp-json\/wp\/v2\/types\/post"}],"author":[{"embeddable":true,"href":"https:\/\/www.europesays.com\/africa\/wp-json\/wp\/v2\/users\/2"}],"replies":[{"embeddable":true,"href":"https:\/\/www.europesays.com\/africa\/wp-json\/wp\/v2\/comments?post=25487"}],"version-history":[{"count":0,"href":"https:\/\/www.europesays.com\/africa\/wp-json\/wp\/v2\/posts\/25487\/revisions"}],"wp:featuredmedia":[{"embeddable":true,"href":"https:\/\/www.europesays.com\/africa\/wp-json\/wp\/v2\/media\/25488"}],"wp:attachment":[{"href":"https:\/\/www.europesays.com\/africa\/wp-json\/wp\/v2\/media?parent=25487"}],"wp:term":[{"taxonomy":"category","embeddable":true,"href":"https:\/\/www.europesays.com\/africa\/wp-json\/wp\/v2\/categories?post=25487"},{"taxonomy":"post_tag","embeddable":true,"href":"https:\/\/www.europesays.com\/africa\/wp-json\/wp\/v2\/tags?post=25487"}],"curies":[{"name":"wp","href":"https:\/\/api.w.org\/{rel}","templated":true}]}}