{"id":25491,"date":"2026-01-15T17:26:06","date_gmt":"2026-01-15T17:26:06","guid":{"rendered":"https:\/\/www.europesays.com\/africa\/25491\/"},"modified":"2026-01-15T17:26:06","modified_gmt":"2026-01-15T17:26:06","slug":"non-lalgerie-na-pas-interdit-la-chasse","status":"publish","type":"post","link":"https:\/\/www.europesays.com\/africa\/25491\/","title":{"rendered":"Non, l\u2019Alg\u00e9rie n\u2019a pas interdit la chasse"},"content":{"rendered":"<p class=\"p1\">En pleine p\u00e9riode l\u00e9gale de chasse, des informations relay\u00e9es par certains m\u00e9dias ont fait \u00e9tat d\u2019une d\u00e9cision du gouvernement alg\u00e9rien d\u2019interdire cette activit\u00e9 \u00e0 travers le territoire national \u00e0 partir de la deuxi\u00e8me moiti\u00e9 de ce mois de janvier.<\/p>\n<p class=\"p1\">Les services du Premier ministre sont sortis du silence et ont apport\u00e9 des pr\u00e9cisions. La programmation de la chasse se fait en fonction du type de <a href=\"https:\/\/www.tsa-algerie.com\/a-tizi-ouzou-la-ferme-derriche-redefinit-lelevage-de-volailles-en-algerie\/\" rel=\"nofollow noopener\" target=\"_blank\">gibier<\/a> et de la wilaya concern\u00e9e, est-il rappel\u00e9.<\/p>\n<p class=\"a-lire-box\" style=\"&#13;&#10;                    margin:20px 0;&#13;&#10;                    padding:12px 0;&#13;&#10;                    border-top:1px solid #ddd;&#13;&#10;                    border-bottom:1px solid #ddd;&#13;&#10;                    line-height:1.8;&#13;&#10;                 \">&#13;<br \/>\n                    A lire aussi :&#13;<br \/>\n                    <a href=\"https:\/\/www.tsa-algerie.com\/inscription-a-la-vaccination-anti-covid-prenez-rendez-vous-en-ligne\/\" class=\"a-lire-link\" style=\"color:#000;text-decoration:none;font-weight:600;\" rel=\"nofollow noopener\" target=\"_blank\">&#13;<br \/>\n                        Inscription \u00e0 la vaccination anti-Covid : prenez rendez-vous en ligne&#13;<br \/>\n                    <\/a>&#13;\n                <\/p>\n<p class=\"p1\">\u00ab\u00a0\u00c0 la suite de certaines informations relay\u00e9es par certains m\u00e9dias concernant l\u2019interdiction de la chasse \u00e0 partir de la mi-janvier, les services du Premier ministre confirment que la saison de chasse 2025-2026 est ouverte depuis le 1er d\u00e9cembre 2025\u201d, ont indiqu\u00e9 les services du Premier ministre dans un communiqu\u00e9 rendu public ce jeudi 15 janvier.\u00a0<\/p>\n<p>P\u00e9riode de la chasse en Alg\u00e9rie : les pr\u00e9visions du gouvernement\u00a0<\/p>\n<p class=\"p1\">Le gouvernement a pr\u00e9cis\u00e9 qu\u2019en vertu des dispositions de la loi relative \u00e0 la chasse, la programmation de la saison de chasse \u201cse fait en fonction du type de gibier et des wilayas concern\u00e9s, sur d\u00e9cision des autorit\u00e9s de wilaya qui tiennent compte du type de gibier et des p\u00e9riodes de repos biologique\u201d.<\/p>\n<p class=\"a-lire-box\" style=\"&#13;&#10;                    margin:20px 0;&#13;&#10;                    padding:12px 0;&#13;&#10;                    border-top:1px solid #ddd;&#13;&#10;                    border-bottom:1px solid #ddd;&#13;&#10;                    line-height:1.8;&#13;&#10;                 \">&#13;<br \/>\n                    A lire aussi :&#13;<br \/>\n                    <a href=\"https:\/\/www.tsa-algerie.com\/societe-civile-classe-politique-la-tenue-dune-conference-nationale-se-precise\/\" class=\"a-lire-link\" style=\"color:#000;text-decoration:none;font-weight:600;\" rel=\"nofollow noopener\" target=\"_blank\">&#13;<br \/>\n                        Soci\u00e9t\u00e9 civile \u2013 classe politique : la tenue d\u2019une conf\u00e9rence nationale se pr\u00e9cise&#13;<br \/>\n                    <\/a>&#13;\n                <\/p>\n<p class=\"p1\">La question de la chasse en Alg\u00e9rie a \u00e9t\u00e9 \u00e9voqu\u00e9e par le pr\u00e9sident de la R\u00e9publique Abdelmadjid Tebboune \u00e0 l\u2019occasion de l\u2019inauguration de la Foire de la production nationale.<\/p>\n<p class=\"p1\">Le chef de l\u2019\u00c9tat a donn\u00e9 des instructions pour l\u2019encadrement de la vente des fusils de chasse fabriqu\u00e9s par l\u2019industrie militaire de l\u2019ANP. La vente doit passer par la f\u00e9d\u00e9ration nationale des chasseurs, a-t-il dit.\u00a0<\/p>\n<p class=\"a-lire-box\" style=\"&#13;&#10;                    margin:20px 0;&#13;&#10;                    padding:12px 0;&#13;&#10;                    border-top:1px solid #ddd;&#13;&#10;                    border-bottom:1px solid #ddd;&#13;&#10;                    line-height:1.8;&#13;&#10;                 \">&#13;<br \/>\n                    A lire aussi :&#13;<br \/>\n                    <a href=\"https:\/\/www.tsa-algerie.com\/algerie-revelations-glacantes-sur-le-drame-du-bus-de-oued-el-harrach\/\" class=\"a-lire-link\" style=\"color:#000;text-decoration:none;font-weight:600;\" rel=\"nofollow noopener\" target=\"_blank\">&#13;<br \/>\n                        Alg\u00e9rie : r\u00e9v\u00e9lations gla\u00e7antes sur le drame du bus de Oued El Harrach&#13;<br \/>\n                    <\/a>&#13;\n                <\/p>\n","protected":false},"excerpt":{"rendered":"En pleine p\u00e9riode l\u00e9gale de chasse, des informations relay\u00e9es par certains m\u00e9dias ont fait \u00e9tat d\u2019une d\u00e9cision du&hellip;\n","protected":false},"author":2,"featured_media":25492,"comment_status":"","ping_status":"","sticky":false,"template":"","format":"standard","meta":{"footnotes":""},"categories":[254],"tags":[255],"class_list":{"0":"post-25491","1":"post","2":"type-post","3":"status-publish","4":"format-standard","5":"has-post-thumbnail","7":"category-algerie","8":"tag-algerie"},"share_on_mastodon":{"url":"","error":""},"_links":{"self":[{"href":"https:\/\/www.europesays.com\/africa\/wp-json\/wp\/v2\/posts\/25491","targetHints":{"allow":["GET"]}}],"collection":[{"href":"https:\/\/www.europesays.com\/africa\/wp-json\/wp\/v2\/posts"}],"about":[{"href":"https:\/\/www.europesays.com\/africa\/wp-json\/wp\/v2\/types\/post"}],"author":[{"embeddable":true,"href":"https:\/\/www.europesays.com\/africa\/wp-json\/wp\/v2\/users\/2"}],"replies":[{"embeddable":true,"href":"https:\/\/www.europesays.com\/africa\/wp-json\/wp\/v2\/comments?post=25491"}],"version-history":[{"count":0,"href":"https:\/\/www.europesays.com\/africa\/wp-json\/wp\/v2\/posts\/25491\/revisions"}],"wp:featuredmedia":[{"embeddable":true,"href":"https:\/\/www.europesays.com\/africa\/wp-json\/wp\/v2\/media\/25492"}],"wp:attachment":[{"href":"https:\/\/www.europesays.com\/africa\/wp-json\/wp\/v2\/media?parent=25491"}],"wp:term":[{"taxonomy":"category","embeddable":true,"href":"https:\/\/www.europesays.com\/africa\/wp-json\/wp\/v2\/categories?post=25491"},{"taxonomy":"post_tag","embeddable":true,"href":"https:\/\/www.europesays.com\/africa\/wp-json\/wp\/v2\/tags?post=25491"}],"curies":[{"name":"wp","href":"https:\/\/api.w.org\/{rel}","templated":true}]}}