{"id":25517,"date":"2026-01-15T17:41:18","date_gmt":"2026-01-15T17:41:18","guid":{"rendered":"https:\/\/www.europesays.com\/africa\/25517\/"},"modified":"2026-01-15T17:41:18","modified_gmt":"2026-01-15T17:41:18","slug":"une-finale-maroc-senegal-aux-accents-normands","status":"publish","type":"post","link":"https:\/\/www.europesays.com\/africa\/25517\/","title":{"rendered":"une finale Maroc \u2013 S\u00e9n\u00e9gal aux accents normands"},"content":{"rendered":"<p melodystyle=\"texte\" data-end=\"589\">Une affiche de prestige\u2026 et une rencontre marqu\u00e9e par la pr\u00e9sence de plusieurs joueurs pass\u00e9s par la Normandie.<\/p>\n<p>N&#8217;Diaye, de Rouen \u00e0 la finale de la CAN<\/p>\n<p melodystyle=\"texte\" data-end=\"1037\">Titulaire indiscutable avec le S\u00e9n\u00e9gal, Iliman N&#8217;Diaye est bien connu du chef-lieu de la Seine-Maritime.<\/p>\n<p melodystyle=\"texte\" data-end=\"1037\">Le milieu offensif d&#8217;Everton a fait ses premiers pas au Rouen Sapins FC, avant de rejoindre le FC Rouen puis le centre de formation de l&#8217;OM.<br data-end=\"866\"\/>H\u00e9ros du quart de finale contre le Mali, auteur de l&#8217;unique but du match, il est l&#8217;un des hommes forts du s\u00e9lectionneur Pape Thiaw et devrait d\u00e9buter la finale dimanche \u00e0 Rabat.<\/p>\n<p melodystyle=\"textnoprint\">\n<p>Edouard Mendy, parcours hors norme<\/p>\n<p melodystyle=\"texte\" data-end=\"1430\">Autre Normand incontournable : Edouard Mendy. Le gardien s\u00e9n\u00e9galais, n\u00e9 \u00e0 Montivilliers, est pass\u00e9 dans plusieurs clubs de l&#8217;agglom\u00e9ration havraise avant de percer \u00e0 Reims puis Rennes.<br data-end=\"1276\"\/>Vainqueur de la Ligue des champions avec Chelsea en 2021, il incarne une trajectoire exceptionnelle, apr\u00e8s avoir connu une p\u00e9riode de ch\u00f4mage en 2014.<\/p>\n<p class=\"article_photo\" data-num=\"3\"><img decoding=\"async\" alt=\"Edouard Mendy sous le maillot de Chelsea en 2021\" src=\"https:\/\/www.europesays.com\/africa\/wp-content\/uploads\/2026\/01\/816-tab.jpg\"\/>Edouard Mendy sous le maillot de Chelsea en 2021 &#8211; \u0410\u043d\u043d\u0430 \u041c\u0435\u0439\u0435\u0440 &#8211; Wikicommons<\/p>\n<p>Des liens forts avec la Normandie<\/p>\n<p melodystyle=\"texte\" data-end=\"1801\">C\u00f4t\u00e9 marocain, Romain Sa\u00efss, capitaine des Lions de l&#8217;Atlas, a port\u00e9 les couleurs du\u00a0Havre AC entre\u00a02013 et\u00a02015.<\/p>\n<p melodystyle=\"texte\" data-end=\"1801\">Bless\u00e9 en d\u00e9but de tournoi, il pourrait faire son retour dimanche pour tenter de d\u00e9crocher son premier titre international.<\/p>\n<p melodystyle=\"texte\" data-end=\"1801\">A noter \u00e9galement la pr\u00e9sence de Mory Diaw, le gardien du HAC arriv\u00e9 cet \u00e9t\u00e9, rempla\u00e7ant avec le S\u00e9n\u00e9gal.<\/p>\n<p class=\"article_photo\" data-num=\"2\"><img decoding=\"async\" alt=\"Romain Sa\u00efss lors de la Coupe du monde 2018 face \u00e0 l'Espagne\" src=\"https:\/\/www.europesays.com\/africa\/wp-content\/uploads\/2026\/01\/9295-tab.jpg\"\/>Romain Sa\u00efss lors de la Coupe du monde 2018 face \u00e0 l&#8217;Espagne &#8211; \u0410\u043b\u0435\u043a\u0441\u0430\u043d\u0434\u0440 \u041f\u043e\u0434\u0433\u043e\u0440\u0447\u0443\u043a &#8211; Wikicommons<\/p>\n<p>O\u00f9 voir la finale\u00a0?<\/p>\n<p melodystyle=\"texte\" data-end=\"2044\">La finale sera diffus\u00e9e en clair ce dimanche \u00e0 20h.<br data-end=\"1886\"\/>beIN Sports, d\u00e9tenteur des droits, a conclu un accord de sous-licence avec le groupe M6.<\/p>\n<p melodystyle=\"texte\" data-end=\"2044\">Reste \u00e0 savoir si la rencontre sera retransmise sur M6 ou W9.<\/p>\n","protected":false},"excerpt":{"rendered":"Une affiche de prestige\u2026 et une rencontre marqu\u00e9e par la pr\u00e9sence de plusieurs joueurs pass\u00e9s par la Normandie.&hellip;\n","protected":false},"author":2,"featured_media":25518,"comment_status":"","ping_status":"","sticky":false,"template":"","format":"standard","meta":{"footnotes":""},"categories":[48],"tags":[159],"class_list":{"0":"post-25517","1":"post","2":"type-post","3":"status-publish","4":"format-standard","5":"has-post-thumbnail","7":"category-senegal","8":"tag-senegal"},"share_on_mastodon":{"url":"","error":""},"_links":{"self":[{"href":"https:\/\/www.europesays.com\/africa\/wp-json\/wp\/v2\/posts\/25517","targetHints":{"allow":["GET"]}}],"collection":[{"href":"https:\/\/www.europesays.com\/africa\/wp-json\/wp\/v2\/posts"}],"about":[{"href":"https:\/\/www.europesays.com\/africa\/wp-json\/wp\/v2\/types\/post"}],"author":[{"embeddable":true,"href":"https:\/\/www.europesays.com\/africa\/wp-json\/wp\/v2\/users\/2"}],"replies":[{"embeddable":true,"href":"https:\/\/www.europesays.com\/africa\/wp-json\/wp\/v2\/comments?post=25517"}],"version-history":[{"count":0,"href":"https:\/\/www.europesays.com\/africa\/wp-json\/wp\/v2\/posts\/25517\/revisions"}],"wp:featuredmedia":[{"embeddable":true,"href":"https:\/\/www.europesays.com\/africa\/wp-json\/wp\/v2\/media\/25518"}],"wp:attachment":[{"href":"https:\/\/www.europesays.com\/africa\/wp-json\/wp\/v2\/media?parent=25517"}],"wp:term":[{"taxonomy":"category","embeddable":true,"href":"https:\/\/www.europesays.com\/africa\/wp-json\/wp\/v2\/categories?post=25517"},{"taxonomy":"post_tag","embeddable":true,"href":"https:\/\/www.europesays.com\/africa\/wp-json\/wp\/v2\/tags?post=25517"}],"curies":[{"name":"wp","href":"https:\/\/api.w.org\/{rel}","templated":true}]}}