{"id":25519,"date":"2026-01-15T17:42:10","date_gmt":"2026-01-15T17:42:10","guid":{"rendered":"https:\/\/www.europesays.com\/africa\/25519\/"},"modified":"2026-01-15T17:42:10","modified_gmt":"2026-01-15T17:42:10","slug":"le-conseil-de-gouvernement-sinforme-dun-accord-sur-les-services-aeriens","status":"publish","type":"post","link":"https:\/\/www.europesays.com\/africa\/25519\/","title":{"rendered":"Le Conseil de gouvernement s&#8217;informe d&#8217;un accord sur les services a\u00e9riens"},"content":{"rendered":"<p>Le Conseil de gouvernement s\u2019est inform\u00e9, jeudi \u00e0 Rabat, d\u2019un accord sur les services a\u00e9riens, sign\u00e9 le 30 septembre 2025 \u00e0 Montr\u00e9al entre les gouvernements du Royaume du Maroc et de la R\u00e9publique du B\u00e9nin.<\/p>\n<p>Le Conseil a \u00e9galement pris connaissance du projet de loi n\u00b0 66.25 portant approbation dudit accord, pr\u00e9sent\u00e9s par le ministre du Transport et de la Logistique, au nom du ministre des Affaires \u00e9trang\u00e8res, de la Coop\u00e9ration africaine et des Marocains r\u00e9sidant \u00e0 l\u2019\u00e9tranger, a indiqu\u00e9 le ministre d\u00e9l\u00e9gu\u00e9 charg\u00e9 des Relations avec le parlement, porte-parole du gouvernement, Mustapha Baitas, lors d\u2019un point de presse \u00e0 l\u2019issue du Conseil.<\/p>\n","protected":false},"excerpt":{"rendered":"Le Conseil de gouvernement s\u2019est inform\u00e9, jeudi \u00e0 Rabat, d\u2019un accord sur les services a\u00e9riens, sign\u00e9 le 30&hellip;\n","protected":false},"author":2,"featured_media":25520,"comment_status":"","ping_status":"","sticky":false,"template":"","format":"standard","meta":{"footnotes":""},"categories":[41],"tags":[3869,3874,3873,3870,3872,158,3871],"class_list":{"0":"post-25519","1":"post","2":"type-post","3":"status-publish","4":"format-standard","5":"has-post-thumbnail","7":"category-maroc","8":"tag-actualite-maroc","9":"tag-akhbar","10":"tag-journal","11":"tag-journal-maroc","12":"tag-lavieeco","13":"tag-maroc","14":"tag-press-maroc"},"share_on_mastodon":{"url":"","error":""},"_links":{"self":[{"href":"https:\/\/www.europesays.com\/africa\/wp-json\/wp\/v2\/posts\/25519","targetHints":{"allow":["GET"]}}],"collection":[{"href":"https:\/\/www.europesays.com\/africa\/wp-json\/wp\/v2\/posts"}],"about":[{"href":"https:\/\/www.europesays.com\/africa\/wp-json\/wp\/v2\/types\/post"}],"author":[{"embeddable":true,"href":"https:\/\/www.europesays.com\/africa\/wp-json\/wp\/v2\/users\/2"}],"replies":[{"embeddable":true,"href":"https:\/\/www.europesays.com\/africa\/wp-json\/wp\/v2\/comments?post=25519"}],"version-history":[{"count":0,"href":"https:\/\/www.europesays.com\/africa\/wp-json\/wp\/v2\/posts\/25519\/revisions"}],"wp:featuredmedia":[{"embeddable":true,"href":"https:\/\/www.europesays.com\/africa\/wp-json\/wp\/v2\/media\/25520"}],"wp:attachment":[{"href":"https:\/\/www.europesays.com\/africa\/wp-json\/wp\/v2\/media?parent=25519"}],"wp:term":[{"taxonomy":"category","embeddable":true,"href":"https:\/\/www.europesays.com\/africa\/wp-json\/wp\/v2\/categories?post=25519"},{"taxonomy":"post_tag","embeddable":true,"href":"https:\/\/www.europesays.com\/africa\/wp-json\/wp\/v2\/tags?post=25519"}],"curies":[{"name":"wp","href":"https:\/\/api.w.org\/{rel}","templated":true}]}}