{"id":25540,"date":"2026-01-15T17:55:06","date_gmt":"2026-01-15T17:55:06","guid":{"rendered":"https:\/\/www.europesays.com\/africa\/25540\/"},"modified":"2026-01-15T17:55:06","modified_gmt":"2026-01-15T17:55:06","slug":"karim-xrum-xax-relaxe-par-le-tribunal-de-dakar","status":"publish","type":"post","link":"https:\/\/www.europesays.com\/africa\/25540\/","title":{"rendered":"Karim Xrum Xax relax\u00e9 par le tribunal de Dakar"},"content":{"rendered":"<p class=\"firstp\">Abdou Karim Gu\u00e9ye, plus connu sous le nom de Karim Xrum Xax, a \u00e9t\u00e9 jug\u00e9 ce 15 janvier 2026 par le tribunal d\u2019instance de Dakar pour participation pr\u00e9sum\u00e9e \u00e0 une manifestation non autoris\u00e9e. \u00c0 l\u2019issue des d\u00e9bats, la juridiction a prononc\u00e9 sa relaxe pure et simple.<\/p>\n<p>L\u2019activiste avait \u00e9t\u00e9 interpell\u00e9 le 12 janvier dernier \u00e0 la Place de l\u2019Ind\u00e9pendance, alors qu\u2019il se trouvait en compagnie de personnes \u00e0 mobilit\u00e9 r\u00e9duite. Selon l\u2019accusation, il tenait un point de presse pour d\u00e9noncer l\u2019arrestation r\u00e9cente de deux mendiants, finalement lib\u00e9r\u00e9s par la police. Karim Xrum Xax avait \u00e9t\u00e9 arr\u00eat\u00e9 en m\u00eame temps que 14 mendiants, tous rel\u00e2ch\u00e9s par la suite.\n<\/p>\n<p>Plac\u00e9e en garde \u00e0 vue, la t\u00eate d\u2019affiche du mouvement a refus\u00e9 de r\u00e9pondre aux questions des enqu\u00eateurs, d\u00e9clarant n\u2019avoir \u00ab rien \u00e0 dire \u00bb et refusant de signer le proc\u00e8s-verbal. Deux mendiants entendus dans l\u2019enqu\u00eate, Modou Faye et Astou Sow, ont toutefois affirm\u00e9 que la manifestation avait \u00e9t\u00e9 initi\u00e9e par l\u2019activiste.\n<\/p>\n<p>\u00c0 la barre, <a href=\"https:\/\/www.senenews.com\/actualites\/lactiviste-karim-xrum-xax-vient-detre-arrete-les-raisons-devoilees_568340.html\" rel=\"nofollow noopener\" target=\"_blank\">Karim Xrum Xax<\/a>\u00a0a vigoureusement contest\u00e9 les faits. Il a expliqu\u00e9 s\u2019\u00eatre rendu \u00e0 la police centrale uniquement pour apporter un soutien moral \u00e0 des mendiants interpell\u00e9s, parmi lesquels figuraient des femmes handicap\u00e9es avec des nourrissons. Selon lui, la police leur aurait demand\u00e9 de se regrouper, ce qui les a conduits jusqu\u2019au jardin public de la Place de l\u2019Ind\u00e9pendance.\n<\/p>\n<p>Il soutient \u00e9galement que son interpellation est intervenue apr\u00e8s avoir r\u00e9pondu \u00e0 une question d\u2019un journaliste de passage, pr\u00e9cisant qu\u2019il n\u2019\u00e9tait pas sur place pour manifester mais pour assister des personnes vuln\u00e9rables, leur offrir de la nourriture et leur conseiller une organisation l\u00e9gale de leurs revendications.\n<\/p>\n<p>Concernant son silence face aux enqu\u00eateurs, il a invoqu\u00e9 la crainte d\u2019une d\u00e9formation de ses propos. \u00ab Je suis un activiste avec des principes. Apporter un soutien \u00e0 des femmes handicap\u00e9es n\u2019est pas un crime \u00bb, a-t-il martel\u00e9.\n<\/p>\n<p>Dans ses r\u00e9quisitions, le procureur de la R\u00e9publique, se fondant sur l\u2019article 87 du Code p\u00e9nal, a estim\u00e9 que l\u2019infraction \u00e9tait constitu\u00e9e et requis deux ans de prison dont deux mois ferme, assortis d\u2019une amende de 200 000 FCFA.\n<\/p>\n<p>La d\u00e9fense, compos\u00e9e notamment de Me El Hadji Diouf, Me El Hadji Amadou Sall, Me Aboubacry Deh, Me Sayba Danfakha et Me Aboubacary Barro, a plaid\u00e9 la relaxe, qualifiant les r\u00e9quisitions d\u2019excessives et estimant qu\u2019aucune infraction n\u2019\u00e9tait caract\u00e9ris\u00e9e.<\/p>\n<p>Suivant ces arguments, le tribunal a finalement relax\u00e9 Abdou Karim Gu\u00e9ye, mettant un terme \u00e0 la proc\u00e9dure.<\/p>\n","protected":false},"excerpt":{"rendered":"Abdou Karim Gu\u00e9ye, plus connu sous le nom de Karim Xrum Xax, a \u00e9t\u00e9 jug\u00e9 ce 15 janvier&hellip;\n","protected":false},"author":2,"featured_media":25541,"comment_status":"","ping_status":"","sticky":false,"template":"","format":"standard","meta":{"footnotes":""},"categories":[48],"tags":[15719,159,163,239],"class_list":{"0":"post-25540","1":"post","2":"type-post","3":"status-publish","4":"format-standard","5":"has-post-thumbnail","7":"category-senegal","8":"tag-karim-xrum-xax","9":"tag-senegal","10":"tag-senegal-actualites","11":"tag-societe"},"share_on_mastodon":{"url":"","error":""},"_links":{"self":[{"href":"https:\/\/www.europesays.com\/africa\/wp-json\/wp\/v2\/posts\/25540","targetHints":{"allow":["GET"]}}],"collection":[{"href":"https:\/\/www.europesays.com\/africa\/wp-json\/wp\/v2\/posts"}],"about":[{"href":"https:\/\/www.europesays.com\/africa\/wp-json\/wp\/v2\/types\/post"}],"author":[{"embeddable":true,"href":"https:\/\/www.europesays.com\/africa\/wp-json\/wp\/v2\/users\/2"}],"replies":[{"embeddable":true,"href":"https:\/\/www.europesays.com\/africa\/wp-json\/wp\/v2\/comments?post=25540"}],"version-history":[{"count":0,"href":"https:\/\/www.europesays.com\/africa\/wp-json\/wp\/v2\/posts\/25540\/revisions"}],"wp:featuredmedia":[{"embeddable":true,"href":"https:\/\/www.europesays.com\/africa\/wp-json\/wp\/v2\/media\/25541"}],"wp:attachment":[{"href":"https:\/\/www.europesays.com\/africa\/wp-json\/wp\/v2\/media?parent=25540"}],"wp:term":[{"taxonomy":"category","embeddable":true,"href":"https:\/\/www.europesays.com\/africa\/wp-json\/wp\/v2\/categories?post=25540"},{"taxonomy":"post_tag","embeddable":true,"href":"https:\/\/www.europesays.com\/africa\/wp-json\/wp\/v2\/tags?post=25540"}],"curies":[{"name":"wp","href":"https:\/\/api.w.org\/{rel}","templated":true}]}}