{"id":25564,"date":"2026-01-15T18:09:10","date_gmt":"2026-01-15T18:09:10","guid":{"rendered":"https:\/\/www.europesays.com\/africa\/25564\/"},"modified":"2026-01-15T18:09:10","modified_gmt":"2026-01-15T18:09:10","slug":"un-cocktail-molotov-qui-peut-faire-mal-a-toutes-les-equipes-el-hadji-diouf-raconte-la-force-du-senegal","status":"publish","type":"post","link":"https:\/\/www.europesays.com\/africa\/25564\/","title":{"rendered":"\u00ab\u00a0Un cocktail Molotov qui peut faire mal \u00e0 toutes les \u00e9quipes\u00a0\u00bb\u00a0: El Hadji Diouf raconte la force du S\u00e9n\u00e9gal"},"content":{"rendered":"<p class=\"paragraph text_align_left lp-f-body-02\">Avec 69 s\u00e9lections entre 2000 et 2008, El Hadji Diouf est un des plus grands talents purs qu\u2019a connu le S\u00e9n\u00e9gal avec qui il a notamment \u00e9t\u00e9 finaliste de la <a href=\"https:\/\/www.leparisien.fr\/sports\/football\/coupe-d-afrique-des-nations\/\" target=\"_self\" rel=\"nofollow noopener\">Coupe d\u2019Afrique des nations<\/a> en 2002. En dix-sept ans de carri\u00e8re, il est pass\u00e9 par dix clubs, dont Sochaux, Rennes, Lens ou Liverpool. Devenu conseiller sportif pour sa s\u00e9lection qu\u2019il accompagne au Maroc, l\u2019homme de 44 ans revient sur l\u2019accession <a href=\"https:\/\/www.leparisien.fr\/sports\/football\/coupe-d-afrique-des-nations\/senegal-maroc-quand-aura-lieu-la-finale-de-la-can-2025-14-01-2026-UWT6TKNTWJBK5FH6YWPYJ2T2LY.php\" target=\"_self\" rel=\"nofollow noopener\">en finale<\/a> des Lions de la Teranga, qui s\u2019explique par un long travail de fond.<\/p>\n<p class=\"\">Comment avez-vous r\u00e9agi \u00e0 la qualification s\u00e9n\u00e9galaise pour la finale ?<\/p>\n","protected":false},"excerpt":{"rendered":"Avec 69 s\u00e9lections entre 2000 et 2008, El Hadji Diouf est un des plus grands talents purs qu\u2019a&hellip;\n","protected":false},"author":2,"featured_media":25565,"comment_status":"","ping_status":"","sticky":false,"template":"","format":"standard","meta":{"footnotes":""},"categories":[48],"tags":[360,311,159,264],"class_list":{"0":"post-25564","1":"post","2":"type-post","3":"status-publish","4":"format-standard","5":"has-post-thumbnail","7":"category-senegal","8":"tag-can","9":"tag-football","10":"tag-senegal","11":"tag-sports"},"share_on_mastodon":{"url":"","error":""},"_links":{"self":[{"href":"https:\/\/www.europesays.com\/africa\/wp-json\/wp\/v2\/posts\/25564","targetHints":{"allow":["GET"]}}],"collection":[{"href":"https:\/\/www.europesays.com\/africa\/wp-json\/wp\/v2\/posts"}],"about":[{"href":"https:\/\/www.europesays.com\/africa\/wp-json\/wp\/v2\/types\/post"}],"author":[{"embeddable":true,"href":"https:\/\/www.europesays.com\/africa\/wp-json\/wp\/v2\/users\/2"}],"replies":[{"embeddable":true,"href":"https:\/\/www.europesays.com\/africa\/wp-json\/wp\/v2\/comments?post=25564"}],"version-history":[{"count":0,"href":"https:\/\/www.europesays.com\/africa\/wp-json\/wp\/v2\/posts\/25564\/revisions"}],"wp:featuredmedia":[{"embeddable":true,"href":"https:\/\/www.europesays.com\/africa\/wp-json\/wp\/v2\/media\/25565"}],"wp:attachment":[{"href":"https:\/\/www.europesays.com\/africa\/wp-json\/wp\/v2\/media?parent=25564"}],"wp:term":[{"taxonomy":"category","embeddable":true,"href":"https:\/\/www.europesays.com\/africa\/wp-json\/wp\/v2\/categories?post=25564"},{"taxonomy":"post_tag","embeddable":true,"href":"https:\/\/www.europesays.com\/africa\/wp-json\/wp\/v2\/tags?post=25564"}],"curies":[{"name":"wp","href":"https:\/\/api.w.org\/{rel}","templated":true}]}}