{"id":25630,"date":"2026-01-15T18:48:08","date_gmt":"2026-01-15T18:48:08","guid":{"rendered":"https:\/\/www.europesays.com\/africa\/25630\/"},"modified":"2026-01-15T18:48:08","modified_gmt":"2026-01-15T18:48:08","slug":"abidjan-economie-lafrique-et-le-monde-arabe-scellent-un-pacte-financier-strategique","status":"publish","type":"post","link":"https:\/\/www.europesays.com\/africa\/25630\/","title":{"rendered":"ABIDJAN : \u00c9conomie &#8211; L&#8217;Afrique et le monde arabe scellent un pacte financier strat\u00e9gique"},"content":{"rendered":"<p>R\u00e9unis ce mercredi en C\u00f4te d\u2019Ivoire, le Groupe de coordination arabe et le Groupe de la Banque africaine de d\u00e9veloppement officialisent une alliance majeure pour transformer l\u2019investissement sur le continent.\u00a0<\/p>\n<p>Ce partenariat vise \u00e0 mobiliser massivement des capitaux publics et priv\u00e9s afin de combler le d\u00e9ficit de financement des infrastructures africaines.<\/p>\n<p>C\u2019est une \u00e9tape d\u00e9cisive pour le financement du d\u00e9veloppement en Afrique qui se joue ce 14 janvier \u00e0 Abidjan. Au si\u00e8ge de la Banque africaine de d\u00e9veloppement (BAD), les dirigeants de l\u2019institution panafricaine et ceux du Groupe de coordination arabe (ACG) lancent une nouvelle phase de leur collaboration. Loin d\u2019une simple d\u00e9claration d\u2019intention, cette r\u00e9union de haut niveau marque le passage d\u2019une coop\u00e9ration ponctuelle \u00e0 une strat\u00e9gie de co-investissement d\u2019envergure.<\/p>\n<p>Un changement de paradigme financier.<\/p>\n<p>Face \u00e0 un d\u00e9ficit de financement croissant, l\u2019Afrique doit imp\u00e9rativement diversifier ses sources de capitaux. La consultation d\u2019aujourd\u2019hui r\u00e9pond \u00e0 cette urgence en proposant une plateforme commune. L\u2019objectif est clair : combiner les bilans respectifs et les capacit\u00e9s de financement des deux entit\u00e9s pour cr\u00e9er un effet de levier puissant.<\/p>\n<p>Cette initiative s\u2019inscrit directement dans la volont\u00e9 de renforcer la souverainet\u00e9 financi\u00e8re du continent via une \u00ab Nouvelle architecture financi\u00e8re africaine \u00bb (NAFA). Il ne s\u2019agit plus seulement d\u2019aide au d\u00e9veloppement classique, mais d\u2019int\u00e9grer les assureurs, les march\u00e9s de capitaux et les investisseurs priv\u00e9s dans une dynamique commune. Les priorit\u00e9s cibl\u00e9es sont vitales : l\u2019acc\u00e8s \u00e0 l\u2019\u00e9nergie, la s\u00e9curit\u00e9 alimentaire, l\u2019int\u00e9gration r\u00e9gionale et la r\u00e9silience climatique.<\/p>\n<p>Harmoniser pour mieux investir.<\/p>\n<p>Concr\u00e8tement, les discussions de ce jour portent sur l\u2019ancrage du cofinancement arabo-africain. Les deux partenaires explorent des pistes pour harmoniser leurs approches de financement et pr\u00e9parer conjointement les projets en amont. Cette synergie doit permettre de r\u00e9duire les d\u00e9lais, d\u2019optimiser les ressources et d\u2019assurer un impact mesurable sur le terrain.<\/p>\n<p>En alignant leurs expertises sectorielles et leurs plateformes nationales, l\u2019ACG et la BAD entendent soutenir les programmes de d\u00e9veloppement pilot\u00e9s par les pays eux-m\u00eames, tout en garantissant une r\u00e9silience \u00e0 long terme des investissements r\u00e9alis\u00e9s.<\/p>\n<p>Vers un cadre op\u00e9rationnel d\u00e8s 2026.<\/p>\n<p>Cette rencontre aboutit aujourd\u2019hui \u00e0 l\u2019adoption d\u2019une D\u00e9claration commune, v\u00e9ritable feuille de route politique de ce rapprochement. Elle d\u00e9finit les domaines prioritaires et les m\u00e9canismes de suivi institutionnels.<\/p>\n<p>Au-del\u00e0 des principes, l\u2019agenda est d\u00e9j\u00e0 fix\u00e9. La D\u00e9claration pr\u00e9voit l\u2019\u00e9laboration, courant 2026, d\u2019un cadre de financement et de partenariat op\u00e9rationnel. Celui-ci pr\u00e9cisera les modalit\u00e9s techniques : cofinancement, coordination des pipelines de projets et programmation conjointe. Une attention particuli\u00e8re est port\u00e9e au Fonds africain de d\u00e9veloppement, guichet concessionnel de la BAD, pour soutenir sp\u00e9cifiquement les pays \u00e0 faible revenu et les zones fragiles.<\/p>\n","protected":false},"excerpt":{"rendered":"R\u00e9unis ce mercredi en C\u00f4te d\u2019Ivoire, le Groupe de coordination arabe et le Groupe de la Banque africaine&hellip;\n","protected":false},"author":2,"featured_media":25631,"comment_status":"","ping_status":"","sticky":false,"template":"","format":"standard","meta":{"footnotes":""},"categories":[62],"tags":[64],"class_list":{"0":"post-25630","1":"post","2":"type-post","3":"status-publish","4":"format-standard","5":"has-post-thumbnail","7":"category-afrique","8":"tag-afrique"},"share_on_mastodon":{"url":"","error":""},"_links":{"self":[{"href":"https:\/\/www.europesays.com\/africa\/wp-json\/wp\/v2\/posts\/25630","targetHints":{"allow":["GET"]}}],"collection":[{"href":"https:\/\/www.europesays.com\/africa\/wp-json\/wp\/v2\/posts"}],"about":[{"href":"https:\/\/www.europesays.com\/africa\/wp-json\/wp\/v2\/types\/post"}],"author":[{"embeddable":true,"href":"https:\/\/www.europesays.com\/africa\/wp-json\/wp\/v2\/users\/2"}],"replies":[{"embeddable":true,"href":"https:\/\/www.europesays.com\/africa\/wp-json\/wp\/v2\/comments?post=25630"}],"version-history":[{"count":0,"href":"https:\/\/www.europesays.com\/africa\/wp-json\/wp\/v2\/posts\/25630\/revisions"}],"wp:featuredmedia":[{"embeddable":true,"href":"https:\/\/www.europesays.com\/africa\/wp-json\/wp\/v2\/media\/25631"}],"wp:attachment":[{"href":"https:\/\/www.europesays.com\/africa\/wp-json\/wp\/v2\/media?parent=25630"}],"wp:term":[{"taxonomy":"category","embeddable":true,"href":"https:\/\/www.europesays.com\/africa\/wp-json\/wp\/v2\/categories?post=25630"},{"taxonomy":"post_tag","embeddable":true,"href":"https:\/\/www.europesays.com\/africa\/wp-json\/wp\/v2\/tags?post=25630"}],"curies":[{"name":"wp","href":"https:\/\/api.w.org\/{rel}","templated":true}]}}