{"id":25634,"date":"2026-01-15T18:50:08","date_gmt":"2026-01-15T18:50:08","guid":{"rendered":"https:\/\/www.europesays.com\/africa\/25634\/"},"modified":"2026-01-15T18:50:08","modified_gmt":"2026-01-15T18:50:08","slug":"les-dates-des-soldes-dhiver-2026-fixees","status":"publish","type":"post","link":"https:\/\/www.europesays.com\/africa\/25634\/","title":{"rendered":"les dates des soldes d\u2019hiver 2026 fix\u00e9es"},"content":{"rendered":"<p class=\"p1\">Apr\u00e8s Air Alg\u00e9rie qui a lanc\u00e9 sa promo pour le mois de Ramadan 2026 avec des remises pouvant jusqu\u2019\u00e0 50%, la p\u00e9riode des soldes d\u2019hiver de l\u2019ann\u00e9e 2026 d\u00e9butera, en Alg\u00e9rie, du dimanche 18 janvier 2026 et s\u2019\u00e9talera jusqu\u2019\u00e0 la fin du mois <a href=\"https:\/\/www.tsa-algerie.com\/lalgerie-se-prepare-pour-un-ramadan-2026-sans-penurie-ni-flambee-des-prix\/\" rel=\"nofollow noopener\" target=\"_blank\">sacr\u00e9<\/a> et de l\u2019A\u00efd-el-Fitr.<\/p>\n<p class=\"p1\">Cette d\u00e9cision prise par le minist\u00e8re du Commerce Int\u00e9rieur et de la r\u00e9glementation du march\u00e9 national a pour but d\u2019\u00a0\u00abanticiper\u00a0\u00bb, est-il expliqu\u00e9 dans un communiqu\u00e9, sur la forte demande enregistr\u00e9e chaque ann\u00e9e pendant la p\u00e9riode hivernale et d\u2019att\u00e9nuer la fr\u00e9n\u00e9sie des citoyens sur les diff\u00e9rents produits durant le mois sacr\u00e9 et l\u2019A\u00efd-El-Fitr 2026.<\/p>\n<p class=\"a-lire-box\" style=\"&#13;&#10;                    margin:20px 0;&#13;&#10;                    padding:12px 0;&#13;&#10;                    border-top:1px solid #ddd;&#13;&#10;                    border-bottom:1px solid #ddd;&#13;&#10;                    line-height:1.8;&#13;&#10;                 \">&#13;<br \/>\n                    A lire aussi :&#13;<br \/>\n                    <a href=\"https:\/\/www.tsa-algerie.com\/inscription-a-la-vaccination-anti-covid-prenez-rendez-vous-en-ligne\/\" class=\"a-lire-link\" style=\"color:#000;text-decoration:none;font-weight:600;\" rel=\"nofollow noopener\" target=\"_blank\">&#13;<br \/>\n                        Inscription \u00e0 la vaccination anti-Covid : prenez rendez-vous en ligne&#13;<br \/>\n                    <\/a>&#13;\n                <\/p>\n<p class=\"p1\">Avant le mois sacr\u00e9, en effet, les m\u00e9nages se ruent vers les magasins d\u2019\u00e9lectrom\u00e9nager pour acheter de nouveaux ustensiles et appareils de cuisine jug\u00e9s indispensables pour la pr\u00e9paration des plats et les recettes sp\u00e9cifiques au mois de <a href=\"https:\/\/www.tsa-algerie.com\/air-algerie-lance-la-promo-ramadan-2026-voici-les-details\/\" rel=\"nofollow noopener\" target=\"_blank\">Ramadan<\/a>.<\/p>\n<p class=\"a-lire-box\" style=\"&#13;&#10;                    margin:20px 0;&#13;&#10;                    padding:12px 0;&#13;&#10;                    border-top:1px solid #ddd;&#13;&#10;                    border-bottom:1px solid #ddd;&#13;&#10;                    line-height:1.8;&#13;&#10;                 \">&#13;<br \/>\n                    A lire aussi :&#13;<br \/>\n                    <a href=\"https:\/\/www.tsa-algerie.com\/societe-civile-classe-politique-la-tenue-dune-conference-nationale-se-precise\/\" class=\"a-lire-link\" style=\"color:#000;text-decoration:none;font-weight:600;\" rel=\"nofollow noopener\" target=\"_blank\">&#13;<br \/>\n                        Soci\u00e9t\u00e9 civile \u2013 classe politique : la tenue d\u2019une conf\u00e9rence nationale se pr\u00e9cise&#13;<br \/>\n                    <\/a>&#13;\n                <\/p>\n<p>Soldes d\u2019hiver 2026 en Alg\u00e9rie \u00e0 partir du 18 janvier<\/p>\n<p class=\"p1\">\u00a0Au d\u00e9but du mois sacr\u00e9, ils prennent d\u2019assaut les march\u00e9s, les boucheries, les sup\u00e9rettes\u2026afin de constituer les stocks n\u00e9cessaires pour les 30 jours sans se soucier de la p\u00e9nurie de produits et par ricochet, la flamb\u00e9e des prix qu\u2019ils provoquent chaque ann\u00e9e. Et \u00e0 quelques jours de la fin du mois du je\u00fbne, les familles sortent en ville pour l\u2019achat des v\u00eatements afin de c\u00e9l\u00e9brer la f\u00eate de l\u2019A\u00efd. \u00a0\u00a0\u00a0<\/p>\n<p class=\"p1\">Le consommateur alg\u00e9rien b\u00e9n\u00e9ficiera ainsi d\u2019une p\u00e9riode de plus de deux mois pour profiter des remises que proposeront les commer\u00e7ants sur un large \u00e9ventail de produits.<\/p>\n<p class=\"a-lire-box\" style=\"&#13;&#10;                    margin:20px 0;&#13;&#10;                    padding:12px 0;&#13;&#10;                    border-top:1px solid #ddd;&#13;&#10;                    border-bottom:1px solid #ddd;&#13;&#10;                    line-height:1.8;&#13;&#10;                 \">&#13;<br \/>\n                    A lire aussi :&#13;<br \/>\n                    <a href=\"https:\/\/www.tsa-algerie.com\/algerie-revelations-glacantes-sur-le-drame-du-bus-de-oued-el-harrach\/\" class=\"a-lire-link\" style=\"color:#000;text-decoration:none;font-weight:600;\" rel=\"nofollow noopener\" target=\"_blank\">&#13;<br \/>\n                        Alg\u00e9rie : r\u00e9v\u00e9lations gla\u00e7antes sur le drame du bus de Oued El Harrach&#13;<br \/>\n                    <\/a>&#13;\n                <\/p>\n<p class=\"p1\">Selon le minist\u00e8re, cette initiative vise \u00e0 permettre aux citoyens de s\u2019offrir divers produits \u00e0 des tarifs r\u00e9duits ou du moins abordables pendant ces f\u00eates religieuses et \u00ab\u00a0d\u2019accro\u00eetre leur pouvoir d\u2019achat\u00a0\u00bb.<\/p>\n<p class=\"p1\">Le d\u00e9partement d\u2019Amel Abdelatif a, dans son communiqu\u00e9, mis \u00e9galement l\u2019accent sur la n\u00e9cessit\u00e9 de \u00ab\u00a0respecter la r\u00e9glementation en vigueur concernant la publicit\u00e9 des promotions et de garantir la transparence des prix et la qualit\u00e9 des produits propos\u00e9s\u00a0\u00bb.<\/p>\n","protected":false},"excerpt":{"rendered":"Apr\u00e8s Air Alg\u00e9rie qui a lanc\u00e9 sa promo pour le mois de Ramadan 2026 avec des remises pouvant&hellip;\n","protected":false},"author":2,"featured_media":25635,"comment_status":"","ping_status":"","sticky":false,"template":"","format":"standard","meta":{"footnotes":""},"categories":[254],"tags":[255],"class_list":{"0":"post-25634","1":"post","2":"type-post","3":"status-publish","4":"format-standard","5":"has-post-thumbnail","7":"category-algerie","8":"tag-algerie"},"share_on_mastodon":{"url":"","error":""},"_links":{"self":[{"href":"https:\/\/www.europesays.com\/africa\/wp-json\/wp\/v2\/posts\/25634","targetHints":{"allow":["GET"]}}],"collection":[{"href":"https:\/\/www.europesays.com\/africa\/wp-json\/wp\/v2\/posts"}],"about":[{"href":"https:\/\/www.europesays.com\/africa\/wp-json\/wp\/v2\/types\/post"}],"author":[{"embeddable":true,"href":"https:\/\/www.europesays.com\/africa\/wp-json\/wp\/v2\/users\/2"}],"replies":[{"embeddable":true,"href":"https:\/\/www.europesays.com\/africa\/wp-json\/wp\/v2\/comments?post=25634"}],"version-history":[{"count":0,"href":"https:\/\/www.europesays.com\/africa\/wp-json\/wp\/v2\/posts\/25634\/revisions"}],"wp:featuredmedia":[{"embeddable":true,"href":"https:\/\/www.europesays.com\/africa\/wp-json\/wp\/v2\/media\/25635"}],"wp:attachment":[{"href":"https:\/\/www.europesays.com\/africa\/wp-json\/wp\/v2\/media?parent=25634"}],"wp:term":[{"taxonomy":"category","embeddable":true,"href":"https:\/\/www.europesays.com\/africa\/wp-json\/wp\/v2\/categories?post=25634"},{"taxonomy":"post_tag","embeddable":true,"href":"https:\/\/www.europesays.com\/africa\/wp-json\/wp\/v2\/tags?post=25634"}],"curies":[{"name":"wp","href":"https:\/\/api.w.org\/{rel}","templated":true}]}}