{"id":25636,"date":"2026-01-15T18:51:06","date_gmt":"2026-01-15T18:51:06","guid":{"rendered":"https:\/\/www.europesays.com\/africa\/25636\/"},"modified":"2026-01-15T18:51:06","modified_gmt":"2026-01-15T18:51:06","slug":"le-senegal-en-finale-de-la-can-apres-une-soiree-de-ferveur-et-de-partage-chez-alioune-a-toulouse","status":"publish","type":"post","link":"https:\/\/www.europesays.com\/africa\/25636\/","title":{"rendered":"Le S\u00e9n\u00e9gal en finale de la CAN apr\u00e8s une soir\u00e9e de ferveur et de partage chez Alioune \u00e0 Toulouse"},"content":{"rendered":"<p>\n                                                                    l&#8217;essentiel<br \/>\n                                                                La Coupe d\u2019Afrique des Nations 2026 anime le salon d\u2019Alioune Badara Ndiaye \u00e0 Toulouse. Le S\u00e9n\u00e9gal triomphe 1-0 face \u00e0 l\u2019\u00c9gypte, gr\u00e2ce \u00e0 Sadio Man\u00e9. Les supporters c\u00e9l\u00e8brent la victoire et r\u00eavent d\u00e9j\u00e0 de la finale.\n                            <\/p>\n<p data-path-to-node=\"0\">Le salon d\u2019Alioune Badara Ndiaye, situ\u00e9 dans le quartier Soupetard \u00e0 Toulouse, s\u2019est transform\u00e9 en quartier g\u00e9n\u00e9ral des supporters s\u00e9n\u00e9galais ce mercredi soir. Pour cette demi-finale de la Coupe d\u2019Afrique des Nations 2026, l\u2019h\u00f4te a r\u00e9uni un cercle d\u2019intimes, pour transformer ce grand match de foot S\u00e9n\u00e9gal-\u00c9gypte en une c\u00e9l\u00e9bration de l\u2019identit\u00e9 et de la culture. &#8220;Je suis vachement stress\u00e9\u00a0!&#8221; lance Alioune avant le coup d\u2019envoi. &#8220;Je ne pouvais pas regarder ce match autrement qu\u2019avec ma famille et mes amis&#8221;. L\u2019ambiance, d\u2019abord charg\u00e9e d\u2019un stress palpable, s\u2019est d\u00e9nou\u00e9e au rythme des discussions tactiques et du partage de pastels, aussi appel\u00e9s fatayas. Des beignets farcis \u00e0 la viande ou au thon et napp\u00e9s de sauce tomate et d\u2019oignons.<\/p>\n<p class=\"std-elt__inline\">\n        \u00c0 lire aussi :<br \/>\n        <a href=\"https:\/\/www.ladepeche.fr\/2026\/01\/15\/can-maroc-senegal-finale-revee-dimanche-a-rabat-quels-lions-lemporteront-13162647.php\" rel=\"nofollow noopener\" target=\"_blank\">CAN\u00a0: Maroc \u2013 S\u00e9n\u00e9gal, finale r\u00eav\u00e9e dimanche \u00e0 Rabat\u00a0! Quels Lions l\u2019emporteront\u00a0?<\/a>\n    <\/p>\n<p>Le souvenir du titre de 2021<\/p>\n<p data-path-to-node=\"0\">Cette CAN, c\u2019est l\u2019\u00e9v\u00e9nement le plus attendu de l\u2019ann\u00e9e pour Alioune et ses invit\u00e9s, rappelant l\u2019euphorie du titre de 2021 que tous esp\u00e8rent voir se r\u00e9it\u00e9rer. Mais pour ces huit supporters du S\u00e9n\u00e9gal pr\u00e9sents ce soir-l\u00e0, il s\u2019agit bien plus que d\u2019un match de foot\u00a0: &#8220;C\u2019est le moment de repr\u00e9senter son pays \u00e0 travers le football, mais aussi \u00e0 travers la culture&#8221; assure Fallou, avant qu\u2019Alioune ajoute que &#8220;c\u2019est un moment sp\u00e9cial pour tous les Africains. C\u2019est le football africain qui est honor\u00e9&#8221;.<\/p>\n<p class=\"std-elt__inline\">\n        \u00c0 lire aussi :<br \/>\n        <a href=\"https:\/\/www.ladepeche.fr\/2026\/01\/15\/un-supporter-du-maroc-se-blesse-apres-la-qualification-en-finale-de-la-can-2025-lhomme-recoit-une-belle-surprise-a-linfirmerie-13163843.php\" rel=\"nofollow noopener\" target=\"_blank\">Un supporter du Maroc se blesse apr\u00e8s la qualification en finale de la CAN 2025\u00a0: l\u2019homme re\u00e7oit une belle surprise \u00e0 l\u2019infirmerie<\/a>\n    <\/p>\n<p>78e minute\u00a0: la d\u00e9livrance<\/p>\n<p data-path-to-node=\"0\">Sur le terrain, les critiques fusent avec passion, notamment \u00e0 l\u2019\u00e9gard de Sadio Man\u00e9\u00a0: &#8220;Le probl\u00e8me de Sadio Man\u00e9 c\u2019est qu\u2019il ne joue pas simple et il ne joue pas vite&#8221; fustige Sene, un bon ami d\u2019Alioune, assis sur le canap\u00e9 et portant le drapeau s\u00e9n\u00e9galais sur son dos. Pourtant, le destin donne raison au meneur de jeu. \u00c0 la 78e minute, l\u2019ic\u00f4ne nationale d\u00e9bloque la situation, provoquant une explosion de joie dans l\u2019appartement toulousain. Malgr\u00e9 la r\u00e9sistance de l\u2019\u00c9gypte, les Lions de la Teranga maintiennent leur concentration jusqu\u2019au coup de sifflet final. La d\u00e9livrance acquise, le S\u00e9n\u00e9gal l\u2019emporte 1 \u00e0 0 et l\u2019\u00e9motion laisse place aux projets les plus fous. Entre l\u2019espoir d\u2019une deuxi\u00e8me \u00e9toile et l\u2019envie de rejoindre le Maroc pour voir la finale en tribune, Alioune et ses amis savourent ce moment si pr\u00e9cieux.<\/p>\n","protected":false},"excerpt":{"rendered":"l&#8217;essentiel La Coupe d\u2019Afrique des Nations 2026 anime le salon d\u2019Alioune Badara Ndiaye \u00e0 Toulouse. Le S\u00e9n\u00e9gal triomphe&hellip;\n","protected":false},"author":2,"featured_media":25637,"comment_status":"","ping_status":"","sticky":false,"template":"","format":"standard","meta":{"footnotes":""},"categories":[48],"tags":[311,2920,159,310,2921],"class_list":{"0":"post-25636","1":"post","2":"type-post","3":"status-publish","4":"format-standard","5":"has-post-thumbnail","7":"category-senegal","8":"tag-football","9":"tag-haute-garonne","10":"tag-senegal","11":"tag-sport","12":"tag-toulouse"},"share_on_mastodon":{"url":"","error":""},"_links":{"self":[{"href":"https:\/\/www.europesays.com\/africa\/wp-json\/wp\/v2\/posts\/25636","targetHints":{"allow":["GET"]}}],"collection":[{"href":"https:\/\/www.europesays.com\/africa\/wp-json\/wp\/v2\/posts"}],"about":[{"href":"https:\/\/www.europesays.com\/africa\/wp-json\/wp\/v2\/types\/post"}],"author":[{"embeddable":true,"href":"https:\/\/www.europesays.com\/africa\/wp-json\/wp\/v2\/users\/2"}],"replies":[{"embeddable":true,"href":"https:\/\/www.europesays.com\/africa\/wp-json\/wp\/v2\/comments?post=25636"}],"version-history":[{"count":0,"href":"https:\/\/www.europesays.com\/africa\/wp-json\/wp\/v2\/posts\/25636\/revisions"}],"wp:featuredmedia":[{"embeddable":true,"href":"https:\/\/www.europesays.com\/africa\/wp-json\/wp\/v2\/media\/25637"}],"wp:attachment":[{"href":"https:\/\/www.europesays.com\/africa\/wp-json\/wp\/v2\/media?parent=25636"}],"wp:term":[{"taxonomy":"category","embeddable":true,"href":"https:\/\/www.europesays.com\/africa\/wp-json\/wp\/v2\/categories?post=25636"},{"taxonomy":"post_tag","embeddable":true,"href":"https:\/\/www.europesays.com\/africa\/wp-json\/wp\/v2\/tags?post=25636"}],"curies":[{"name":"wp","href":"https:\/\/api.w.org\/{rel}","templated":true}]}}