{"id":25638,"date":"2026-01-15T18:52:07","date_gmt":"2026-01-15T18:52:07","guid":{"rendered":"https:\/\/www.europesays.com\/africa\/25638\/"},"modified":"2026-01-15T18:52:07","modified_gmt":"2026-01-15T18:52:07","slug":"can-2025-le-maroc-affrontera-le-senegal-dans-une-finale-rugissante","status":"publish","type":"post","link":"https:\/\/www.europesays.com\/africa\/25638\/","title":{"rendered":"Can 2025\u00a0: le Maroc affrontera le S\u00e9n\u00e9gal dans une finale rugissante"},"content":{"rendered":"<p>Ils sont au rendez-vous. Grands favoris annonc\u00e9s de <a href=\"https:\/\/www.humanite.fr\/sports\/coupe-dafrique-des-nations\/la-can-a-permis-a-des-jeunes-supporters-de-prendre-conscience-de-lhistoire-du-congo-se-rejouit-charles-moukory-specialiste-du-football-africain\" rel=\"nofollow noopener\" target=\"_blank\">la Coupe d\u2019Afrique des nations 2025<\/a>, le Maroc et le S\u00e9n\u00e9gal ont assum\u00e9 leur statut. Quatre semaines apr\u00e8s le lancement du tournoi, <a href=\"https:\/\/www.humanite.fr\/sports\/coupe-dafrique-des-nations\/can-2025-ayoub-el-kaabi-lorfevre-du-but\" rel=\"nofollow noopener\" target=\"_blank\">le pays h\u00f4te et le vainqueur de l\u2019\u00e9dition 2021 <\/a>ne sont plus qu\u2019\u00e0 un match du sacre.<\/p>\n<p>Une finale in\u00e9dite, ce dimanche 18\u00a0janvier (beIN sports 1 et M6, 20\u00a0heures) \u00e0 Rabat, qui s\u2019annonce rugissante \u00e0 plus d\u2019un titre. Avec d\u2019un c\u00f4t\u00e9, les Lions de l\u2019Atlas et leur star Achraf Hakimi, ballon d\u2019Or africain 2025, qui courent apr\u00e8s le troph\u00e9e depuis leur unique victoire en 1976 et une finale perdue en 2004 contre la Tunisie (2-1). De l\u2019autre, les Lions de la Teranga et leur vedette Sadio Man\u00e9, l\u2019un des meilleurs attaquants du monde, laur\u00e9ats il y a quatre ans et en finale&#8230;<\/p>\n","protected":false},"excerpt":{"rendered":"Ils sont au rendez-vous. Grands favoris annonc\u00e9s de la Coupe d\u2019Afrique des nations 2025, le Maroc et le&hellip;\n","protected":false},"author":2,"featured_media":25639,"comment_status":"","ping_status":"","sticky":false,"template":"","format":"standard","meta":{"footnotes":""},"categories":[41],"tags":[158],"class_list":{"0":"post-25638","1":"post","2":"type-post","3":"status-publish","4":"format-standard","5":"has-post-thumbnail","7":"category-maroc","8":"tag-maroc"},"share_on_mastodon":{"url":"","error":""},"_links":{"self":[{"href":"https:\/\/www.europesays.com\/africa\/wp-json\/wp\/v2\/posts\/25638","targetHints":{"allow":["GET"]}}],"collection":[{"href":"https:\/\/www.europesays.com\/africa\/wp-json\/wp\/v2\/posts"}],"about":[{"href":"https:\/\/www.europesays.com\/africa\/wp-json\/wp\/v2\/types\/post"}],"author":[{"embeddable":true,"href":"https:\/\/www.europesays.com\/africa\/wp-json\/wp\/v2\/users\/2"}],"replies":[{"embeddable":true,"href":"https:\/\/www.europesays.com\/africa\/wp-json\/wp\/v2\/comments?post=25638"}],"version-history":[{"count":0,"href":"https:\/\/www.europesays.com\/africa\/wp-json\/wp\/v2\/posts\/25638\/revisions"}],"wp:featuredmedia":[{"embeddable":true,"href":"https:\/\/www.europesays.com\/africa\/wp-json\/wp\/v2\/media\/25639"}],"wp:attachment":[{"href":"https:\/\/www.europesays.com\/africa\/wp-json\/wp\/v2\/media?parent=25638"}],"wp:term":[{"taxonomy":"category","embeddable":true,"href":"https:\/\/www.europesays.com\/africa\/wp-json\/wp\/v2\/categories?post=25638"},{"taxonomy":"post_tag","embeddable":true,"href":"https:\/\/www.europesays.com\/africa\/wp-json\/wp\/v2\/tags?post=25638"}],"curies":[{"name":"wp","href":"https:\/\/api.w.org\/{rel}","templated":true}]}}