{"id":25658,"date":"2026-01-15T19:04:12","date_gmt":"2026-01-15T19:04:12","guid":{"rendered":"https:\/\/www.europesays.com\/africa\/25658\/"},"modified":"2026-01-15T19:04:12","modified_gmt":"2026-01-15T19:04:12","slug":"air-algerie-recoit-son-troisieme-airbus-a330-900-neo-al24-news","status":"publish","type":"post","link":"https:\/\/www.europesays.com\/africa\/25658\/","title":{"rendered":"Air Alg\u00e9rie re\u00e7oit son troisi\u00e8me Airbus A330-900 NEO \u2013 AL24 News"},"content":{"rendered":"<p><img width=\"976\" height=\"649\" src=\"https:\/\/www.europesays.com\/africa\/wp-content\/uploads\/2026\/01\/\u0642\u0627\u0644\u0628-\u0627\u0644\u0635\u0648\u0631-\u0627\u0644\u0641\u0648\u062a\u0648\u063a\u0631\u0627\u0641\u064a\u0629-2026-01-15T121524.308.png\" class=\"attachment-full size-full wp-post-image\" alt=\"\" is_main_img=\"1\" decoding=\"async\" fetchpriority=\"high\"  \/><\/p>\n<p style=\"text-align: left\">La compagnie a\u00e9rienne nationale, Air Alg\u00e9rie, a\u00a0 annonc\u00e9 jeudi avoir r\u00e9ceptionn\u00e9 son troisi\u00e8me avion de type Airbus A330-900\u00a0 NEO, dans le cadre de son programme de renouvellement et d\u2019extension de sa\u00a0 flotte.<\/p>\n<p style=\"text-align: left\">L\u2019appareil, baptis\u00e9 Yennayer, est arriv\u00e9 \u00e0 l\u2019a\u00e9roport international Houari\u00a0 Boum\u00e9di\u00e8ne d\u2019Alger. Il succ\u00e8de \u00e0 deux autres avions du m\u00eame type re\u00e7us\u00a0 r\u00e9cemment : \u00ab\u00a0Novembre 54\u00a0\u00bb en novembre 2025 et \u00ab\u00a0Gara Djebilet\u00a0\u00bb d\u00e9but janvier\u00a0 2026.<\/p>\n<p style=\"text-align: left\">Destin\u00e9s aux vols long-courriers, ces avions permettent \u00e0 Air Alg\u00e9rie\u00a0 d\u2019intensifier ses lignes internationales, notamment vers le Canada, la\u00a0 Chine et l\u2019Afrique du Sud.<\/p>\n<p style=\"text-align: left\">L\u2019A330-900 NEO peut accueillir plus de 300 passagers, r\u00e9partis sur\u00a0 diff\u00e9rentes classes, et offre une r\u00e9duction de 25 % de la consommation de\u00a0 carburant et des \u00e9missions de CO2 par rapport aux mod\u00e8les pr\u00e9c\u00e9dents. Les\u00a0 appareils sont \u00e9galement \u00e9quip\u00e9s de syst\u00e8mes de divertissement modernes et\u00a0 d\u2019une connexion Internet via Wi-Fi.<\/p>\n<p style=\"text-align: left\">Avec cette livraison, la flotte d\u2019Air Alg\u00e9rie compte d\u00e9sormais 57 avions,\u00a0 auxquels s\u2019ajoutent 15 appareils appartenant \u00e0 sa filiale Domestic\u00a0 Airlines. Le programme de renouvellement lanc\u00e9 en 2023\u00a0 pr\u00e9voyait l\u2019acquisition de\u00a0 huit Boeing 737 MAX-9 et de dix Airbus A330-900 NEO avant que la commande\u00a0 soit port\u00e9e ult\u00e9rieurement \u00e0 dix (10) avions de ce type.<\/p>\n<p style=\"text-align: left\">Il pr\u00e9voit \u00e9galement l\u2019acquisition de seize (16) avions de type ATR 72-600\u00a0 pour renforcer le r\u00e9seau domestique. Ces acquisitions s\u2019inscrivent dans le plan strat\u00e9gique d\u2019Air Alg\u00e9rie \u00e0\u00a0 l\u2019horizon 2035, visant \u00e0 r\u00e9pondre \u00e0 la demande croissante du transport\u00a0 a\u00e9rien national et international.<\/p>\n<p style=\"text-align: left\">(APS) <\/p>\n","protected":false},"excerpt":{"rendered":"La compagnie a\u00e9rienne nationale, Air Alg\u00e9rie, a\u00a0 annonc\u00e9 jeudi avoir r\u00e9ceptionn\u00e9 son troisi\u00e8me avion de type Airbus A330-900\u00a0&hellip;\n","protected":false},"author":2,"featured_media":25659,"comment_status":"","ping_status":"","sticky":false,"template":"","format":"standard","meta":{"footnotes":""},"categories":[254],"tags":[255],"class_list":{"0":"post-25658","1":"post","2":"type-post","3":"status-publish","4":"format-standard","5":"has-post-thumbnail","7":"category-algerie","8":"tag-algerie"},"share_on_mastodon":{"url":"","error":""},"_links":{"self":[{"href":"https:\/\/www.europesays.com\/africa\/wp-json\/wp\/v2\/posts\/25658","targetHints":{"allow":["GET"]}}],"collection":[{"href":"https:\/\/www.europesays.com\/africa\/wp-json\/wp\/v2\/posts"}],"about":[{"href":"https:\/\/www.europesays.com\/africa\/wp-json\/wp\/v2\/types\/post"}],"author":[{"embeddable":true,"href":"https:\/\/www.europesays.com\/africa\/wp-json\/wp\/v2\/users\/2"}],"replies":[{"embeddable":true,"href":"https:\/\/www.europesays.com\/africa\/wp-json\/wp\/v2\/comments?post=25658"}],"version-history":[{"count":0,"href":"https:\/\/www.europesays.com\/africa\/wp-json\/wp\/v2\/posts\/25658\/revisions"}],"wp:featuredmedia":[{"embeddable":true,"href":"https:\/\/www.europesays.com\/africa\/wp-json\/wp\/v2\/media\/25659"}],"wp:attachment":[{"href":"https:\/\/www.europesays.com\/africa\/wp-json\/wp\/v2\/media?parent=25658"}],"wp:term":[{"taxonomy":"category","embeddable":true,"href":"https:\/\/www.europesays.com\/africa\/wp-json\/wp\/v2\/categories?post=25658"},{"taxonomy":"post_tag","embeddable":true,"href":"https:\/\/www.europesays.com\/africa\/wp-json\/wp\/v2\/tags?post=25658"}],"curies":[{"name":"wp","href":"https:\/\/api.w.org\/{rel}","templated":true}]}}