{"id":25660,"date":"2026-01-15T19:05:13","date_gmt":"2026-01-15T19:05:13","guid":{"rendered":"https:\/\/www.europesays.com\/africa\/25660\/"},"modified":"2026-01-15T19:05:13","modified_gmt":"2026-01-15T19:05:13","slug":"cooperation-senegal-emirats-diomaye-faye-salue-une-relation-tournee-vers-lavenir","status":"publish","type":"post","link":"https:\/\/www.europesays.com\/africa\/25660\/","title":{"rendered":"Coop\u00e9ration S\u00e9n\u00e9gal\u2013\u00c9mirats : Diomaye Faye salue une relation tourn\u00e9e vers l\u2019avenir"},"content":{"rendered":"<p>XALIMANEWS: Au terme d\u2019une visite officielle \u00e0 Abu Dhabi, le Pr\u00e9sident de la R\u00e9publique du S\u00e9n\u00e9gal, Bassirou Diomaye Faye, a exprim\u00e9 sa profonde gratitude \u00e0 Son Altesse Cheikh Mohamed Ben Zayed Al Nahyan, Pr\u00e9sident des \u00c9mirats arabes unis, pour l\u2019accueil chaleureux et l\u2019hospitalit\u00e9 fraternelle r\u00e9serv\u00e9s \u00e0 la d\u00e9l\u00e9gation s\u00e9n\u00e9galaise. Cette visite, marqu\u00e9e par des \u00e9changes de haut niveau, a permis de r\u00e9affirmer l\u2019excellence des relations entre Dakar et Abu Dhabi ainsi que la volont\u00e9 commune de les inscrire dans une dynamique strat\u00e9gique tourn\u00e9e vers l\u2019avenir.<\/p>\n<p>En marge de l\u2019Abu Dhabi Sustainability Week, le Chef de l\u2019\u00c9tat s\u00e9n\u00e9galais a pris part \u00e0 la table ronde des Chefs d\u2019\u00c9tat, avant de prononcer l\u2019allocution d\u2019ouverture d\u2019un side event consacr\u00e9 au processus pr\u00e9paratoire de la Conf\u00e9rence des Nations Unies sur l\u2019Eau. Cet \u00e9v\u00e9nement majeur, que le S\u00e9n\u00e9gal et les \u00c9mirats arabes unis coorganiseront en 2026, s\u2019inscrit dans une d\u00e9marche de mobilisation internationale autour des enjeux li\u00e9s \u00e0 l\u2019acc\u00e8s \u00e0 l\u2019eau et \u00e0 la gestion durable des ressources hydriques.<\/p>\n<p>\u00c0 cette occasion, le Pr\u00e9sident Diomaye Faye a port\u00e9 un message fort, rappelant que l\u2019eau constitue un pilier fondamental de la dignit\u00e9 humaine, de la s\u00e9curit\u00e9 collective et du d\u00e9veloppement durable. Il a plaid\u00e9 pour que cette ressource vitale occupe d\u00e9sormais une place centrale dans l\u2019action climatique mondiale, face aux d\u00e9fis croissants li\u00e9s au changement climatique, \u00e0 la pression d\u00e9mographique et aux in\u00e9galit\u00e9s d\u2019acc\u00e8s.<\/p>\n<p>Au-del\u00e0 des discours, cette visite a permis de consolider une vision commune fond\u00e9e sur l\u2019action, la responsabilit\u00e9 et la solidarit\u00e9. Le S\u00e9n\u00e9gal et les \u00c9mirats arabes unis ambitionnent ainsi de faire des prochaines \u00e9ch\u00e9ances internationales, notamment celles pr\u00e9vues \u00e0 Dakar et \u00e0 Abu Dhabi, des moments d\u00e9cisifs d\u00e9bouchant sur des solutions concr\u00e8tes, durables et inclusives, au b\u00e9n\u00e9fice des peuples et des g\u00e9n\u00e9rations futures.<\/p>\n","protected":false},"excerpt":{"rendered":"XALIMANEWS: Au terme d\u2019une visite officielle \u00e0 Abu Dhabi, le Pr\u00e9sident de la R\u00e9publique du S\u00e9n\u00e9gal, Bassirou Diomaye&hellip;\n","protected":false},"author":2,"featured_media":25661,"comment_status":"","ping_status":"","sticky":false,"template":"","format":"standard","meta":{"footnotes":""},"categories":[48],"tags":[159],"class_list":{"0":"post-25660","1":"post","2":"type-post","3":"status-publish","4":"format-standard","5":"has-post-thumbnail","7":"category-senegal","8":"tag-senegal"},"share_on_mastodon":{"url":"","error":""},"_links":{"self":[{"href":"https:\/\/www.europesays.com\/africa\/wp-json\/wp\/v2\/posts\/25660","targetHints":{"allow":["GET"]}}],"collection":[{"href":"https:\/\/www.europesays.com\/africa\/wp-json\/wp\/v2\/posts"}],"about":[{"href":"https:\/\/www.europesays.com\/africa\/wp-json\/wp\/v2\/types\/post"}],"author":[{"embeddable":true,"href":"https:\/\/www.europesays.com\/africa\/wp-json\/wp\/v2\/users\/2"}],"replies":[{"embeddable":true,"href":"https:\/\/www.europesays.com\/africa\/wp-json\/wp\/v2\/comments?post=25660"}],"version-history":[{"count":0,"href":"https:\/\/www.europesays.com\/africa\/wp-json\/wp\/v2\/posts\/25660\/revisions"}],"wp:featuredmedia":[{"embeddable":true,"href":"https:\/\/www.europesays.com\/africa\/wp-json\/wp\/v2\/media\/25661"}],"wp:attachment":[{"href":"https:\/\/www.europesays.com\/africa\/wp-json\/wp\/v2\/media?parent=25660"}],"wp:term":[{"taxonomy":"category","embeddable":true,"href":"https:\/\/www.europesays.com\/africa\/wp-json\/wp\/v2\/categories?post=25660"},{"taxonomy":"post_tag","embeddable":true,"href":"https:\/\/www.europesays.com\/africa\/wp-json\/wp\/v2\/tags?post=25660"}],"curies":[{"name":"wp","href":"https:\/\/api.w.org\/{rel}","templated":true}]}}