{"id":25679,"date":"2026-01-15T19:16:09","date_gmt":"2026-01-15T19:16:09","guid":{"rendered":"https:\/\/www.europesays.com\/africa\/25679\/"},"modified":"2026-01-15T19:16:09","modified_gmt":"2026-01-15T19:16:09","slug":"plusieurs-belges-coinces-en-afrique-du-sud-suite-a-de-terribles-inondations","status":"publish","type":"post","link":"https:\/\/www.europesays.com\/africa\/25679\/","title":{"rendered":"Plusieurs Belges coinc\u00e9s en Afrique du Sud suite \u00e0 de terribles inondations"},"content":{"rendered":"<p class=\"ap-StoryElement ap-StoryElement--mb ap-StoryText\">Suite au d\u00e9bordement de la rivi\u00e8re Crocodile, plusieurs axes ont d\u00fb \u00eatre ferm\u00e9s, et un pont a \u00e9galement d\u00fb \u00eatre condamn\u00e9, bloquant plusieurs touristes pr\u00e9sents sur place, dont des Belges, qui ont pu t\u00e9moigner de la situation aux micros de HLN.<\/p>\n<p><a href=\"https:\/\/www.dhnet.be\/regions\/mons\/2026\/01\/05\/plusieurs-projets-menes-a-mons-pour-lutter-contre-les-inondations-leau-doit-sevacuer-lidee-est-donc-de-lui-offrir-un-chemin-AKBF4HAAYBAFNBAE5Q45GAPUEM\/\" target=\"_self\" class=\"ap-StoryInterstitialLink ap-StoryElement ap-StoryElement--mb\" rel=\"nofollow noopener\">Plusieurs projets men\u00e9s \u00e0 Mons pour lutter contre les inondations : &#8220;L&#8217;eau doit s&#8217;\u00e9vacuer, l&#8217;id\u00e9e est donc de lui offrir un chemin&#8221;<\/a><\/p>\n<p class=\"ap-StoryElement ap-StoryElement--mb ap-StoryText\">&#8220;Nous venons d&#8217;apprendre que tous les occupants du camp vont \u00eatre \u00e9vacu\u00e9s&#8221;, d\u00e9clare Tiziana, bloqu\u00e9e depuis deux jours au camp Olifants du parc national. &#8220;Il est possible que tout le parc soit \u00e9galement \u00e9vacu\u00e9&#8221;, continue-t-elle. Plus tard, la Belge a laiss\u00e9 entendre qu&#8217;elle avait finalement pu quitter le camp.<\/p>\n<p class=\"ap-StoryElement ap-StoryElement--mb ap-StoryText\">&#8220;Il y a eu une fen\u00eatre d&#8217;opportunit\u00e9 lorsque le pont \u00e9tait bri\u00e8vement accessible. Nous sommes donc maintenant sains et saufs hors du camp d&#8217;Olifants&#8221;, souligne Tiziana.<\/p>\n<p><a href=\"https:\/\/www.dhnet.be\/regions\/bruxelles\/2025\/09\/03\/les-images-impressionnantes-des-inondations-a-bruxelles-provoquees-par-les-intemperies-KTI7X4IMDFGHPMPX3XP7JO5TJI\/\" target=\"_self\" class=\"ap-StoryInterstitialLink ap-StoryElement ap-StoryElement--mb\" rel=\"nofollow noopener\">Les images impressionnantes des inondations \u00e0 Bruxelles provoqu\u00e9es par les intemp\u00e9ries<\/a><\/p>\n<p class=\"ap-StoryElement ap-StoryElement--mb ap-StoryText\">Si elle et ses proches ont pu quitter le camp, en revanche, impossible de savoir s&#8217;il sera possible d&#8217;arriver \u00e0 temps \u00e0 l&#8217;a\u00e9roport pour leur vol vers Le Cap. &#8220;Nous ne savons pas encore si nous arriverons \u00e0 l&#8217;a\u00e9roport \u00e0 temps&#8221;.<\/p>\n<p class=\"ap-StoryElement ap-StoryElement--mb ap-StoryText\">Malgr\u00e9 les nombreuses difficult\u00e9s m\u00e9t\u00e9orologiques, les autorit\u00e9s sud-africaines maintiennent la situation sous contr\u00f4le, et tentent de r\u00e9tablir les services essentiels le plus rapidement possible. Pour les zones les plus durement touch\u00e9es, cela pourrait pourtant prendre plusieurs jours, ont-elles averti.<\/p>\n","protected":false},"excerpt":{"rendered":"Suite au d\u00e9bordement de la rivi\u00e8re Crocodile, plusieurs axes ont d\u00fb \u00eatre ferm\u00e9s, et un pont a \u00e9galement&hellip;\n","protected":false},"author":2,"featured_media":25535,"comment_status":"","ping_status":"","sticky":false,"template":"","format":"standard","meta":{"footnotes":""},"categories":[62],"tags":[64,2983,9359,15769,1659,308],"class_list":{"0":"post-25679","1":"post","2":"type-post","3":"status-publish","4":"format-standard","5":"has-post-thumbnail","7":"category-afrique","8":"tag-afrique","9":"tag-essential","10":"tag-flood","11":"tag-general-view","12":"tag-horizontal","13":"tag-weather"},"share_on_mastodon":{"url":"","error":""},"_links":{"self":[{"href":"https:\/\/www.europesays.com\/africa\/wp-json\/wp\/v2\/posts\/25679","targetHints":{"allow":["GET"]}}],"collection":[{"href":"https:\/\/www.europesays.com\/africa\/wp-json\/wp\/v2\/posts"}],"about":[{"href":"https:\/\/www.europesays.com\/africa\/wp-json\/wp\/v2\/types\/post"}],"author":[{"embeddable":true,"href":"https:\/\/www.europesays.com\/africa\/wp-json\/wp\/v2\/users\/2"}],"replies":[{"embeddable":true,"href":"https:\/\/www.europesays.com\/africa\/wp-json\/wp\/v2\/comments?post=25679"}],"version-history":[{"count":0,"href":"https:\/\/www.europesays.com\/africa\/wp-json\/wp\/v2\/posts\/25679\/revisions"}],"wp:featuredmedia":[{"embeddable":true,"href":"https:\/\/www.europesays.com\/africa\/wp-json\/wp\/v2\/media\/25535"}],"wp:attachment":[{"href":"https:\/\/www.europesays.com\/africa\/wp-json\/wp\/v2\/media?parent=25679"}],"wp:term":[{"taxonomy":"category","embeddable":true,"href":"https:\/\/www.europesays.com\/africa\/wp-json\/wp\/v2\/categories?post=25679"},{"taxonomy":"post_tag","embeddable":true,"href":"https:\/\/www.europesays.com\/africa\/wp-json\/wp\/v2\/tags?post=25679"}],"curies":[{"name":"wp","href":"https:\/\/api.w.org\/{rel}","templated":true}]}}