{"id":25682,"date":"2026-01-15T19:18:06","date_gmt":"2026-01-15T19:18:06","guid":{"rendered":"https:\/\/www.europesays.com\/africa\/25682\/"},"modified":"2026-01-15T19:18:06","modified_gmt":"2026-01-15T19:18:06","slug":"lalgerie-lance-alsat-3a-un-nouveau-satellite-dobservation-depuis-la-chine-les-enjeux","status":"publish","type":"post","link":"https:\/\/www.europesays.com\/africa\/25682\/","title":{"rendered":"L&#8217;Alg\u00e9rie lance Alsat-3A, un nouveau satellite d&#8217;observation, depuis la Chine : les enjeux"},"content":{"rendered":"<p class=\"p1\">L\u2019Alg\u00e9rie continue de consolider et de d\u00e9velopper ses capacit\u00e9s dans le domaine de la surveillance satellitaire. Un nouveau <a href=\"https:\/\/www.tsa-algerie.com\/lutte-anti-incendie-en-algerie-comment-les-satellites-peuvent-aider\/\" rel=\"nofollow noopener\" target=\"_blank\">satellite<\/a> d\u2019observation alg\u00e9rien, Alsat-3A, a \u00e9t\u00e9 lanc\u00e9, avec succ\u00e8s, ce jeudi 15 janvier \u00e0 partir de la Chine.<\/p>\n<p class=\"p1\">L\u2019op\u00e9ration de lancement du satellite, a \u00e9t\u00e9 r\u00e9alis\u00e9e depuis la Base de Jiuquan, au nord-ouest de la Chine \u00e0 05H01 (heure alg\u00e9rienne), 12H01 (heure chinoise).\u00a0\u00a0 <\/p>\n<p class=\"a-lire-box\" style=\"&#13;&#10;                    margin:20px 0;&#13;&#10;                    padding:12px 0;&#13;&#10;                    border-top:1px solid #ddd;&#13;&#10;                    border-bottom:1px solid #ddd;&#13;&#10;                    line-height:1.8;&#13;&#10;                 \">&#13;<br \/>\n                    A lire aussi :&#13;<br \/>\n                    <a href=\"https:\/\/www.tsa-algerie.com\/air-algerie-casse-les-prix-avec-une-nouvelle-promotion\/\" class=\"a-lire-link\" style=\"color:#000;text-decoration:none;font-weight:600;\" rel=\"nofollow noopener\" target=\"_blank\">&#13;<br \/>\n                        Air Alg\u00e9rie casse les prix avec une nouvelle promotion&#13;<br \/>\n                    <\/a>&#13;\n                <\/p>\n<p class=\"p1\">Le g\u00e9n\u00e9ral d\u2019arm\u00e9e, ministre d\u00e9l\u00e9gu\u00e9 aupr\u00e8s du ministre de la D\u00e9fense nationale, chef d\u2019\u00e9tat-major de l\u2019Arm\u00e9e nationale populaire (ANP), Sa\u00efd Chanegriha, a supervis\u00e9 le lancement au niveau de la station satellitaire de t\u00e9l\u00e9d\u00e9tection.<\/p>\n<p class=\"a-lire-box\" style=\"&#13;&#10;                    margin:20px 0;&#13;&#10;                    padding:12px 0;&#13;&#10;                    border-top:1px solid #ddd;&#13;&#10;                    border-bottom:1px solid #ddd;&#13;&#10;                    line-height:1.8;&#13;&#10;                 \">&#13;<br \/>\n                    A lire aussi :&#13;<br \/>\n                    <a href=\"https:\/\/www.tsa-algerie.com\/algerie-la-galere-des-importateurs-de-vehicules\/\" class=\"a-lire-link\" style=\"color:#000;text-decoration:none;font-weight:600;\" rel=\"nofollow noopener\" target=\"_blank\">&#13;<br \/>\n                        Alg\u00e9rie : la gal\u00e8re des importateurs de v\u00e9hicules&#13;<br \/>\n                    <\/a>&#13;\n                <\/p>\n<p><img loading=\"lazy\" decoding=\"async\" class=\"alignnone size-full wp-image-287018\" src=\"https:\/\/www.europesays.com\/africa\/wp-content\/uploads\/2026\/01\/IMG_9051.jpeg\" alt=\"\" width=\"1094\" height=\"730\"  \/><\/p>\n<p class=\"p1\">Cette op\u00e9ration concr\u00e9tis\u00e9e avec succ\u00e8s, s\u2019inscrit \u00ab dans le cadre du d\u00e9veloppement des capacit\u00e9s nationales li\u00e9es au domaine de la <a href=\"https:\/\/www.tsa-algerie.com\/poutine-ratifie-un-accord-spatial-avec-lalgerie-voici-ce-quil-prevoit\/\" rel=\"nofollow noopener\" target=\"_blank\">surveillance satellitaire<\/a> et en concr\u00e9tisation du partenariat entre l\u2019Agence Spatiale alg\u00e9rienne (ASAL) et la Soci\u00e9t\u00e9 chinoise des Sciences et des Technologies A\u00e9rospatiales \u00bb, indique un communiqu\u00e9 du minist\u00e8re de la D\u00e9fense nationale (MDN).<\/p>\n<p class=\"a-lire-box\" style=\"&#13;&#10;                    margin:20px 0;&#13;&#10;                    padding:12px 0;&#13;&#10;                    border-top:1px solid #ddd;&#13;&#10;                    border-bottom:1px solid #ddd;&#13;&#10;                    line-height:1.8;&#13;&#10;                 \">&#13;<br \/>\n                    A lire aussi :&#13;<br \/>\n                    <a href=\"https:\/\/www.tsa-algerie.com\/la-france-sinteresse-a-la-pomme-de-terre-algerienne\/\" class=\"a-lire-link\" style=\"color:#000;text-decoration:none;font-weight:600;\" rel=\"nofollow noopener\" target=\"_blank\">&#13;<br \/>\n                        La France s\u2019int\u00e9resse \u00e0 la pomme de terre alg\u00e9rienne\u00a0&#13;<br \/>\n                    <\/a>&#13;\n                <\/p>\n<p class=\"p2\">\u00a0<\/p>\n<p>L\u2019Alg\u00e9rie se dote d\u2019un nouveau satellite d\u2019observation<\/p>\n<p class=\"p2\">\u00a0<\/p>\n<p class=\"p1\">Le lancement du satellite Alsat-3A, permettra \u00e0 l\u2019Alg\u00e9rie de \u00ab disposer de donn\u00e9es suppl\u00e9mentaires \u00e0 travers des capacit\u00e9s satellitaires \u00e0 tr\u00e8s haute r\u00e9solution, d\u00e9di\u00e9e \u00e0 l\u2019observation \u00bb, explique le MDN dans son communiqu\u00e9. Il consolidera \u00e9galement le \u00ab dispositif dans le domaine du renseignement g\u00e9ospatial \u00e0 valeur ajout\u00e9e, \u00e0 l\u2019instar de la cartographie et des mod\u00e8les num\u00e9riques de terrain \u00bb, souligne la m\u00eame source.<\/p>\n<p class=\"p1\">Le lancement de ce nouveau satellite, auquel ont contribu\u00e9 des experts alg\u00e9riens, repr\u00e9sente \u00e9galement un \u00ab nouvel acquis venant renforcer les capacit\u00e9s g\u00e9ospatiales de l\u2019Alg\u00e9rie et confirme les efforts consentis par l\u2019Etat alg\u00e9rien dans la perspective de ma\u00eetriser les technologies spatiales \u00bb, affirme le MDN.<\/p>\n<p class=\"p1\">Alsat A3 va permettre \u00e0 l\u2019Alg\u00e9rie d\u2019avoir une expertise plus \u00e9largie en mati\u00e8re de fourniture de donn\u00e9es satellitaires pointues pour la surveillance du territoire. Il, consolidera le syst\u00e8me d\u2019information g\u00e9ographique (SIG) national et pourra \u00e9laborer des cartes plus pr\u00e9cises.<\/p>\n<p class=\"p1\">L\u2019Alg\u00e9rie avait proc\u00e9d\u00e9 en 2002, rappelle le MDN, au lancement du premier satellite d\u00e9di\u00e9 \u00e0 l\u2019observation de la terre Alsat-1. Deux autres satellites, Alsat-2A et Alsat-2b ont \u00e9t\u00e9 mis sur orbite en 2010 et 2016.<\/p>\n<p class=\"p1\">Il est \u00e0 noter que la coop\u00e9ration alg\u00e9ro-chinoise s\u2019est largement d\u00e9velopp\u00e9e ces derni\u00e8res ann\u00e9es dans le domaine spatial. <\/p>\n<p class=\"p1\">En effet, Alg\u00e9rie T\u00e9l\u00e9coms Satellite (ATS) (filiale du groupe Alg\u00e9rie T\u00e9l\u00e9com) et l\u2019ASAL ont, pour rappel, sign\u00e9, le 7 d\u00e9cembre 2025 \u00e0 Alger, deux m\u00e9morandums de coop\u00e9ration dans les domaines des technologies spatiales et satellitaires, avec la soci\u00e9t\u00e9 chinoise, Geespace, filiale du groupe Zhejiang Geely Holding Group.<\/p>\n","protected":false},"excerpt":{"rendered":"L\u2019Alg\u00e9rie continue de consolider et de d\u00e9velopper ses capacit\u00e9s dans le domaine de la surveillance satellitaire. Un nouveau&hellip;\n","protected":false},"author":2,"featured_media":25683,"comment_status":"","ping_status":"","sticky":false,"template":"","format":"standard","meta":{"footnotes":""},"categories":[254],"tags":[255],"class_list":{"0":"post-25682","1":"post","2":"type-post","3":"status-publish","4":"format-standard","5":"has-post-thumbnail","7":"category-algerie","8":"tag-algerie"},"share_on_mastodon":{"url":"","error":""},"_links":{"self":[{"href":"https:\/\/www.europesays.com\/africa\/wp-json\/wp\/v2\/posts\/25682","targetHints":{"allow":["GET"]}}],"collection":[{"href":"https:\/\/www.europesays.com\/africa\/wp-json\/wp\/v2\/posts"}],"about":[{"href":"https:\/\/www.europesays.com\/africa\/wp-json\/wp\/v2\/types\/post"}],"author":[{"embeddable":true,"href":"https:\/\/www.europesays.com\/africa\/wp-json\/wp\/v2\/users\/2"}],"replies":[{"embeddable":true,"href":"https:\/\/www.europesays.com\/africa\/wp-json\/wp\/v2\/comments?post=25682"}],"version-history":[{"count":0,"href":"https:\/\/www.europesays.com\/africa\/wp-json\/wp\/v2\/posts\/25682\/revisions"}],"wp:featuredmedia":[{"embeddable":true,"href":"https:\/\/www.europesays.com\/africa\/wp-json\/wp\/v2\/media\/25683"}],"wp:attachment":[{"href":"https:\/\/www.europesays.com\/africa\/wp-json\/wp\/v2\/media?parent=25682"}],"wp:term":[{"taxonomy":"category","embeddable":true,"href":"https:\/\/www.europesays.com\/africa\/wp-json\/wp\/v2\/categories?post=25682"},{"taxonomy":"post_tag","embeddable":true,"href":"https:\/\/www.europesays.com\/africa\/wp-json\/wp\/v2\/tags?post=25682"}],"curies":[{"name":"wp","href":"https:\/\/api.w.org\/{rel}","templated":true}]}}