{"id":25684,"date":"2026-01-15T19:19:11","date_gmt":"2026-01-15T19:19:11","guid":{"rendered":"https:\/\/www.europesays.com\/africa\/25684\/"},"modified":"2026-01-15T19:19:11","modified_gmt":"2026-01-15T19:19:11","slug":"deprogrammation-en-raison-de-la-finale-de-la-can-maroc-senegal-m6-bouleverse-sa-grille-dimanche-18-janvier","status":"publish","type":"post","link":"https:\/\/www.europesays.com\/africa\/25684\/","title":{"rendered":"D\u00e9programmation : En raison de la finale de la CAN, Maroc-S\u00e9n\u00e9gal, M6 bouleverse sa grille dimanche 18 janvier"},"content":{"rendered":"<p>Attention ! Ce dimanche 18 janvier 2026, M6 changer sa grille de programmes pour diffuser la finale de la Coupe d&#8217;Afrique des Nations, et le match Maroc-S\u00e9n\u00e9gal en clair.<\/p>\n<p>Ceux qui ont l&#8217;habitude de passer leur soir\u00e9e du dimanche soir sur M6 vont \u00eatre l\u00e9g\u00e8rement perturb\u00e9s ce 18 janvier 2026. En effet, de 19h40 \u00e0 22h50, les plans sont bouscul\u00e9s. La cha\u00eene diffusera la finale de la Coupe d&#8217;Afrique des nations, opposant le pays h\u00f4te, le Maroc, au S\u00e9n\u00e9gal. Un combat entre lions, ceux de l&#8217;Atlas et ceux de la T\u00e9ranga, pour lequel la Six pr\u00e9pare une \u00e9dition sp\u00e9ciale d\u00e8s 19h40. \u00c0 19h50, <a href=\"https:\/\/www.programme-tv.net\/biographie\/463066-domergue-xavier\/\" data-link-people=\"230cb882-4ea5-4d90-adab-499d21a3f5d0\" rel=\"nofollow noopener\" target=\"_blank\">Xavier Domergue<\/a> et Yohan Djourou prendront l&#8217;antenne pour nous faire vivre l&#8217;avant-match, nous d\u00e9voiler les compositions d&#8217;\u00e9quipe et assister aux hymnes nationaux qui seront sans doute remplis d&#8217;\u00e9motions. Le coup d&#8217;envoi de la rencontre sera donn\u00e9 \u00e0 20h au stade Prince Moulay Abdellah \u00e0 Rabat. Les Marocains attendent un sacre dans la comp\u00e9tition depuis 1976 et esp\u00e8rent bien mettre fin \u00e0 cette longue disette devant leur public.<\/p>\n<p>                        D\u00e9programmations sur M6 : la cha\u00eene chamboule sa soir\u00e9e du dimanche 18 janvier 2026 pour coller \u00e0 l&#8217;actualit\u00e9<\/p>\n<p>Pour que les fans de football puissent profiter de ce match de gala en clair, il a fallu faire des concessions. Il ne devrait pas y avoir de 19h45 ce dimanche 18 janvier. Ce qui est s\u00fbr, c&#8217;est que <a href=\"https:\/\/www.programme-tv.net\/news\/tv\/387959-attention-le-2020-d-anne-sophie-lapix-change-de-nom-et-de-programmation-des-cette-semaine-sur-m6\/\" data-api-deeplink=\"teleloisirs:\/\/news\/387959\" rel=\"nofollow noopener\" target=\"_blank\">Le 2010, Anne-Sophie Lapix<\/a> et E=M6 sont supprim\u00e9s. En revanche, le num\u00e9ro de Capital intitul\u00e9 Plus proche, moins cher : Carrefour et Leclerc relancent le match ! est reprogramm\u00e9 le dimanche 25 janvier \u00e0 21h10.<\/p>\n<p>\u00c0 partir de 22h50, la soir\u00e9e M6 reprend son cours avec un num\u00e9ro d\u2019<a href=\"https:\/\/www.programme-tv.net\/news\/tv\/391367-anne-sophie-lapix-etait-pressentie-bernard-de-la-villardiere-raconte-les-coulisses-de-la-creation-d-enquete-exclusive\/\" data-api-deeplink=\"teleloisirs:\/\/news\/391367\" rel=\"nofollow noopener\" target=\"_blank\">Enqu\u00eate exclusive<\/a>. Mais l\u00e0 encore, soucieuse de coller au maximum \u00e0 l&#8217;actualit\u00e9, la Six a d\u00e9cid\u00e9 de renverser la table et de changer les th\u00e8mes des num\u00e9ros pr\u00e9vus. Celui diffus\u00e9 \u00e0 22h50 est un in\u00e9dit baptis\u00e9 Iran : les Ayatollahs aux abois tandis que le suivant, pr\u00e9vu \u00e0 00h10, sera Iran : voyage clandestin au pays des mollahs. Il est d\u00e9conseill\u00e9 aux moins de 12 ans.<\/p>\n<p>Cependant, si le programme ne devrait pas changer, les horaires sont variables. La remise de la coupe est pr\u00e9vue \u00e0 22h05 mais pourrait \u00eatre d\u00e9cal\u00e9e de pr\u00e8s d&#8217;une heure en cas de prolongations et de tirs au but.<\/p>\n","protected":false},"excerpt":{"rendered":"Attention ! Ce dimanche 18 janvier 2026, M6 changer sa grille de programmes pour diffuser la finale de&hellip;\n","protected":false},"author":2,"featured_media":25685,"comment_status":"","ping_status":"","sticky":false,"template":"","format":"standard","meta":{"footnotes":""},"categories":[48],"tags":[15774,940,15773,311,15775,15131,159],"class_list":{"0":"post-25684","1":"post","2":"type-post","3":"status-publish","4":"format-standard","5":"has-post-thumbnail","7":"category-senegal","8":"tag-commentaire","9":"tag-coupe-dafrique-des-nations","10":"tag-du00e9programmation","11":"tag-football","12":"tag-football-coupe-dafrique-des-nations","13":"tag-m6","14":"tag-senegal"},"share_on_mastodon":{"url":"","error":""},"_links":{"self":[{"href":"https:\/\/www.europesays.com\/africa\/wp-json\/wp\/v2\/posts\/25684","targetHints":{"allow":["GET"]}}],"collection":[{"href":"https:\/\/www.europesays.com\/africa\/wp-json\/wp\/v2\/posts"}],"about":[{"href":"https:\/\/www.europesays.com\/africa\/wp-json\/wp\/v2\/types\/post"}],"author":[{"embeddable":true,"href":"https:\/\/www.europesays.com\/africa\/wp-json\/wp\/v2\/users\/2"}],"replies":[{"embeddable":true,"href":"https:\/\/www.europesays.com\/africa\/wp-json\/wp\/v2\/comments?post=25684"}],"version-history":[{"count":0,"href":"https:\/\/www.europesays.com\/africa\/wp-json\/wp\/v2\/posts\/25684\/revisions"}],"wp:featuredmedia":[{"embeddable":true,"href":"https:\/\/www.europesays.com\/africa\/wp-json\/wp\/v2\/media\/25685"}],"wp:attachment":[{"href":"https:\/\/www.europesays.com\/africa\/wp-json\/wp\/v2\/media?parent=25684"}],"wp:term":[{"taxonomy":"category","embeddable":true,"href":"https:\/\/www.europesays.com\/africa\/wp-json\/wp\/v2\/categories?post=25684"},{"taxonomy":"post_tag","embeddable":true,"href":"https:\/\/www.europesays.com\/africa\/wp-json\/wp\/v2\/tags?post=25684"}],"curies":[{"name":"wp","href":"https:\/\/api.w.org\/{rel}","templated":true}]}}