{"id":25686,"date":"2026-01-15T19:20:07","date_gmt":"2026-01-15T19:20:07","guid":{"rendered":"https:\/\/www.europesays.com\/africa\/25686\/"},"modified":"2026-01-15T19:20:07","modified_gmt":"2026-01-15T19:20:07","slug":"pour-le-maroc-une-finale-de-can-historique","status":"publish","type":"post","link":"https:\/\/www.europesays.com\/africa\/25686\/","title":{"rendered":"Pour le Maroc, une finale de CAN historique"},"content":{"rendered":"<p>Le pays-h\u00f4te ira-t-il au bout de son tournoi ? Le Maroc s&#8217;est qualifi\u00e9 en finale de sa Coupe d&#8217;Afrique des nations, mercredi 14 janvier, <a href=\"https:\/\/www.franceinfo.fr\/sports\/foot\/can\/can-2025-le-maroc-pays-hote-se-defait-du-nigeria-aux-tirs-au-but-et-rejoint-le-senegal-en-finale_7741561.html\" data-tooltip-url=\"https:\/\/www.franceinfo.fr\/sports\/foot\/can\/can-2025-le-maroc-pays-hote-se-defait-du-nigeria-aux-tirs-au-but-et-rejoint-le-senegal-en-finale_7741561.html\" rel=\"nofollow noopener\" target=\"_blank\">en \u00e9liminant le Nigeria aux tirs au but (0-0, 4-2 t.a.b)<\/a>. Les Lions de l&#8217;Atlas affronteront le S\u00e9n\u00e9gal dimanche, pour tenter de glaner leur deuxi\u00e8me titre dans la comp\u00e9tition, cinquante ans apr\u00e8s le premier, en 1976.<\/p>\n<p>Au-del\u00e0 du prestige sportif, le succ\u00e8s de la s\u00e9lection de Walid Regragui est un enjeu important pour le Royaume qui veut s&#8217;affirmer comme un acteur majeur sur le plan g\u00e9opolitique. Dans quatre ans, il accueillera une partie des matchs de la Coupe du monde.<\/p>\n","protected":false},"excerpt":{"rendered":"Le pays-h\u00f4te ira-t-il au bout de son tournoi ? Le Maroc s&#8217;est qualifi\u00e9 en finale de sa Coupe&hellip;\n","protected":false},"author":2,"featured_media":25687,"comment_status":"","ping_status":"","sticky":false,"template":"","format":"standard","meta":{"footnotes":""},"categories":[41],"tags":[158],"class_list":{"0":"post-25686","1":"post","2":"type-post","3":"status-publish","4":"format-standard","5":"has-post-thumbnail","7":"category-maroc","8":"tag-maroc"},"share_on_mastodon":{"url":"","error":""},"_links":{"self":[{"href":"https:\/\/www.europesays.com\/africa\/wp-json\/wp\/v2\/posts\/25686","targetHints":{"allow":["GET"]}}],"collection":[{"href":"https:\/\/www.europesays.com\/africa\/wp-json\/wp\/v2\/posts"}],"about":[{"href":"https:\/\/www.europesays.com\/africa\/wp-json\/wp\/v2\/types\/post"}],"author":[{"embeddable":true,"href":"https:\/\/www.europesays.com\/africa\/wp-json\/wp\/v2\/users\/2"}],"replies":[{"embeddable":true,"href":"https:\/\/www.europesays.com\/africa\/wp-json\/wp\/v2\/comments?post=25686"}],"version-history":[{"count":0,"href":"https:\/\/www.europesays.com\/africa\/wp-json\/wp\/v2\/posts\/25686\/revisions"}],"wp:featuredmedia":[{"embeddable":true,"href":"https:\/\/www.europesays.com\/africa\/wp-json\/wp\/v2\/media\/25687"}],"wp:attachment":[{"href":"https:\/\/www.europesays.com\/africa\/wp-json\/wp\/v2\/media?parent=25686"}],"wp:term":[{"taxonomy":"category","embeddable":true,"href":"https:\/\/www.europesays.com\/africa\/wp-json\/wp\/v2\/categories?post=25686"},{"taxonomy":"post_tag","embeddable":true,"href":"https:\/\/www.europesays.com\/africa\/wp-json\/wp\/v2\/tags?post=25686"}],"curies":[{"name":"wp","href":"https:\/\/api.w.org\/{rel}","templated":true}]}}