{"id":25704,"date":"2026-01-15T19:32:22","date_gmt":"2026-01-15T19:32:22","guid":{"rendered":"https:\/\/www.europesays.com\/africa\/25704\/"},"modified":"2026-01-15T19:32:22","modified_gmt":"2026-01-15T19:32:22","slug":"industrie-automobile-apres-celle-de-fiat-depuis-2023-stellantis-installe-une-deuxieme-usine-de-production-en-algerie-aux-couleurs-dopel-sa-marque-allemande","status":"publish","type":"post","link":"https:\/\/www.europesays.com\/africa\/25704\/","title":{"rendered":"Industrie automobile &#8211; Apr\u00e8s celle de Fiat depuis 2023, Stellantis installe une deuxi\u00e8me usine de production en Alg\u00e9rie\u2026 aux couleurs d\u2019Opel, sa marque allemande"},"content":{"rendered":"<p>\nEntre <a href=\"https:\/\/www.auto-infos.fr\/stellantis\/\" rel=\"nofollow noopener\" target=\"_blank\">Stellantis<\/a>\u00a0et l&#8217;Alg\u00e9rie l&#8217;entente est plus que cordiale.\u00a0Ainsi, apr\u00e8s la marque italienne Fiat,\u00a0\u00ab Opel a choisi l\u2019Alg\u00e9rie pour son nouveau site de production hors d\u2019Europe \u00bb, annonce avec enthousiasme <a href=\"https:\/\/www.auto-infos.fr\/florian-huettl\/\" rel=\"nofollow noopener\" target=\"_blank\">Florian Huettl<\/a>, le CEO du constructeur automobile allemand.<\/p>\n<p>\n\u00ab L\u2019Alg\u00e9rie a \u00e9t\u00e9 un domaine d\u2019attention particulier pour nous ces deux derni\u00e8res ann\u00e9es. Le renforcement progressif de nos partenariats a d\u00e9sormais conduit \u00e0 une \u00e9tape claire suivante : une unit\u00e9 de production d\u00e9di\u00e9e en Alg\u00e9rie, con\u00e7ue pour servir les clients alg\u00e9riens et compl\u00e9ter le r\u00e9seau europ\u00e9en \u00e9tabli d\u2019Opel \u00bb, explique-t-il encore dans un long post <a href=\"https:\/\/www.linkedin.com\/posts\/florian-huettl_opel-algeria-middleeastafrica-activity-7416773542681309184-GBb0?utm_source=share&amp;utm_medium=member_desktop&amp;rcm=ACoAAAsije8BJf1XD2FZlzn3Khxc4pizQjKIDzo\" target=\"_blank\" rel=\"nofollow noopener\">sur le r\u00e9seau social professionnel LinkedIn<\/a>.<\/p>\n<p>La marque Opel est d\u00e9j\u00e0 pr\u00e9sente en Alg\u00e9rie, distribu\u00e9e par un partenaire local<\/p>\n<p>\nEt d\u2019ajouter :\u00a0\u00ab\u00a0la production locale, l\u2019int\u00e9gration industrielle et l\u2019investissement \u00e0 long terme sont des moteurs essentiels d\u2019une croissance durable. Pour les clients, les partenaires et l\u2019industrie locale. Nous restons engag\u00e9s \u00e0\u00a0offrir la qualit\u00e9 renomm\u00e9e de l\u2019ing\u00e9nierie allemande&#8230;\u00a0fi\u00e8rement produite en Alg\u00e9rie \u00bb.\u00a0<\/p>\n<p>\n<img decoding=\"async\" alt=\"Opel en Alg\u00e9rie \" src=\"data:image\/gif;base64,R0lGODdhAQABAPAAAMPDwwAAACwAAAAAAQABAAACAkQBADs=\" data-original=\"https:\/\/www.auto-infos.fr\/mediatheque\/6\/1\/2\/000298216_illustration_large.jpg\"\/><\/p>\n<p>\nPour m\u00e9moire, dans le cadre du <a href=\"https:\/\/www.auto-infos.fr\/dare-forward-2030-stellantis\/\" rel=\"nofollow noopener\" target=\"_blank\">plan strat\u00e9gique Dare Forward 2030<\/a>\u00a0de Stellantis,\u00a0la marque <a href=\"https:\/\/www.auto-infos.fr\/opel\/\" rel=\"nofollow noopener\" target=\"_blank\">Opel<\/a>\u00a0a \u00e9t\u00e9 officiellement lanc\u00e9e en Alg\u00e9rie en 2023. Une s\u00e9lection de v\u00e9hicules frapp\u00e9s du Blitz &#8211; les Mokka, Astra et Grandland (de g\u00e9n\u00e9ration pr\u00e9c\u00e9dente) &#8211; \u00e9tant import\u00e9s par le groupe HCI et distribu\u00e9s dans une trentaine de points de vente partenaires.<\/p>\n<p>\n\u00ab\u00a0Chez Opel El Djaza\u00efr [&#8230;] chaque v\u00e9hicule que nous importons et mettons \u00e0 la disposition de nos clients repr\u00e9sente bien plus qu&#8217;un simple moyen de transport ; il incarne la libert\u00e9, l&#8217;aventure et la mobilit\u00e9. Notre objectif est de rendre le monde accessible \u00e0 nos clients en leur proposant des v\u00e9hicules exceptionnels et en les accompagnant \u00e0 chaque \u00e9tape de cette aventure \u00e0 travers nos services\u00a0\u00bb, d\u00e9clarait alors\u00a0Nassim Benguergoura, Country Manager et CEO Market Development &amp; Automotive Division de HCI<\/p>\n<p>Stellantis Moyen-Orient et Afrique fait marcher la marque Opel dans les pas de Fiat<\/p>\n<p>\nLe projet d&#8217;usine Opel en Alg\u00e9rie rappelle un sc\u00e9nario d\u00e9j\u00e0 r\u00e9alis\u00e9 par Stellantis avec le constructeur italien <a href=\"http:\/\/www.auto-infos.fr\/fiat\/\" rel=\"nofollow noopener\" target=\"_blank\">Fiat<\/a>\u00a0comme acteur principal. Au printemps 2023, le groupe automobile franco-italo-am\u00e9ricain annon\u00e7ait le lancement de six mod\u00e8les Fiat dans le pays (Fiat 500 Hybrid, Fiat 500X, Fiat Tipo, Fiat Dobl\u00f2, Fiat Scudo et Fiat Ducato), puis la cr\u00e9ation d&#8217;un r\u00e9seau de distribution.<\/p>\n<p>\n<img decoding=\"async\" alt=\"Fiat production Alg\u00e9rie 2023\" src=\"data:image\/gif;base64,R0lGODdhAQABAPAAAMPDwwAAACwAAAAAAQABAAACAkQBADs=\" data-original=\"https:\/\/www.auto-infos.fr\/mediatheque\/2\/3\/3\/000273332_illustration_large.jpeg\"\/><\/p>\n<p>\nQuelques mois apr\u00e8s intervenait alors la mise en service d&#8217;un site de production : l&#8217;usine Fiat de Tafraoui, situ\u00e9 dans la r\u00e9gion d&#8217;Oran. Un site r\u00e9cemment agrandi &#8211;\u00a0\u00ab avec deux ans d&#8217;avance sur le calendrier initial\u00a0\u00bb, selon Samir Cherfan, le directeur de la r\u00e9gion Moyen-Orient et Afrique de Stellantis &#8211; afin de porter sa capacit\u00e9 de production de 50 000 \u00e0 90 000 unit\u00e9s par an. <\/p>\n<p>\nFin 2025, la marque a d&#8217;ailleurs lanc\u00e9 la fabrication de la <a href=\"https:\/\/www.auto-infos.fr\/fiat-grande-panda\/\" rel=\"nofollow noopener\" target=\"_blank\">Fiat Grande Panda<\/a>, avec un taux d&#8217;int\u00e9gration locale (de 20 \u00e0 30 %) \u00e9lev\u00e9.<\/p>\n<p>\n<img decoding=\"async\" alt=\"Fiat Grande Panda - Alg\u00e9rie\" src=\"data:image\/gif;base64,R0lGODdhAQABAPAAAMPDwwAAACwAAAAAAQABAAACAkQBADs=\" data-original=\"https:\/\/www.auto-infos.fr\/mediatheque\/6\/1\/0\/000296016_illustration_large.jpg\"\/><\/p>\n","protected":false},"excerpt":{"rendered":"Entre Stellantis\u00a0et l&#8217;Alg\u00e9rie l&#8217;entente est plus que cordiale.\u00a0Ainsi, apr\u00e8s la marque italienne Fiat,\u00a0\u00ab Opel a choisi l\u2019Alg\u00e9rie pour&hellip;\n","protected":false},"author":2,"featured_media":25705,"comment_status":"","ping_status":"","sticky":false,"template":"","format":"standard","meta":{"footnotes":""},"categories":[254],"tags":[255,15801,15790,15792,15800,15787,15795,15786,15789,15794,15793,15791,15797,14472,15798,15796,15799,14473,15732,15788,15785,15802],"class_list":{"0":"post-25704","1":"post","2":"type-post","3":"status-publish","4":"format-standard","5":"has-post-thumbnail","7":"category-algerie","8":"tag-algerie","9":"tag-constructeurs","10":"tag-constructeurs-allemands","11":"tag-defis-de-l-industrie-automobile","12":"tag-distribution","13":"tag-fiat","14":"tag-fiat-grande-panda","15":"tag-florian-huettl","16":"tag-industrie-automobile","17":"tag-industrie-automobile-europeenne","18":"tag-industrie-automobile-mondiale","19":"tag-marques-auto-allemandes","20":"tag-mokka-gse","21":"tag-opel","22":"tag-opel-astra","23":"tag-opel-grandland","24":"tag-production-de-vehicules","25":"tag-stellantis","26":"tag-usine","27":"tag-usine-de-production","28":"tag-usine-de-production-en-algerie","29":"tag-vie-des-marques"},"share_on_mastodon":{"url":"","error":""},"_links":{"self":[{"href":"https:\/\/www.europesays.com\/africa\/wp-json\/wp\/v2\/posts\/25704","targetHints":{"allow":["GET"]}}],"collection":[{"href":"https:\/\/www.europesays.com\/africa\/wp-json\/wp\/v2\/posts"}],"about":[{"href":"https:\/\/www.europesays.com\/africa\/wp-json\/wp\/v2\/types\/post"}],"author":[{"embeddable":true,"href":"https:\/\/www.europesays.com\/africa\/wp-json\/wp\/v2\/users\/2"}],"replies":[{"embeddable":true,"href":"https:\/\/www.europesays.com\/africa\/wp-json\/wp\/v2\/comments?post=25704"}],"version-history":[{"count":0,"href":"https:\/\/www.europesays.com\/africa\/wp-json\/wp\/v2\/posts\/25704\/revisions"}],"wp:featuredmedia":[{"embeddable":true,"href":"https:\/\/www.europesays.com\/africa\/wp-json\/wp\/v2\/media\/25705"}],"wp:attachment":[{"href":"https:\/\/www.europesays.com\/africa\/wp-json\/wp\/v2\/media?parent=25704"}],"wp:term":[{"taxonomy":"category","embeddable":true,"href":"https:\/\/www.europesays.com\/africa\/wp-json\/wp\/v2\/categories?post=25704"},{"taxonomy":"post_tag","embeddable":true,"href":"https:\/\/www.europesays.com\/africa\/wp-json\/wp\/v2\/tags?post=25704"}],"curies":[{"name":"wp","href":"https:\/\/api.w.org\/{rel}","templated":true}]}}