{"id":25756,"date":"2026-01-15T20:03:07","date_gmt":"2026-01-15T20:03:07","guid":{"rendered":"https:\/\/www.europesays.com\/africa\/25756\/"},"modified":"2026-01-15T20:03:07","modified_gmt":"2026-01-15T20:03:07","slug":"lutte-antidrogue-la-gendarmerie-royale-met-le-grappin-sur-810-kg-de-kif","status":"publish","type":"post","link":"https:\/\/www.europesays.com\/africa\/25756\/","title":{"rendered":"Lutte antidrogue : la Gendarmerie Royale met le grappin sur 810 kg de kif"},"content":{"rendered":"<p>\t\t\t\t\t La saisie de la ge darmerie royale de L&#8217;arche fait \u00e9tat de 810 kg de kif empil\u00e9s dans une trentaine de colis. L&#8217;op\u00e9ration, mont\u00e9e sur la base de filatures et d&#8217;une surveillance discr\u00e8te, a permis d&#8217;intervenir au bon moment, grillant la tentative d&#8217;\u00e9coulement d&#8217;un stock important. <\/p>\n<p>Ces succ\u00e8s en rafale ne sont pas le fruit du hasard. Ils t\u00e9moignent d&#8217;une pression constante et d&#8217;une capacit\u00e9 \u00e0 frapper juste, qui placent les trafiquants sous tension permanente dans la r\u00e9gion. <\/p>\n<p>Le butin est sous scell\u00e9s, \u00e0 la disposition de la justice. Les enqu\u00eateurs traquent maintenant les ramifications du r\u00e9seau et les \u00e9ventuels complices. <\/p>\n<p>Une strat\u00e9gie du chiffre et du r\u00e9sultat, donc, pour les forces de l&#8217;ordre, d\u00e9termin\u00e9es \u00e0 asphyxier les fili\u00e8res et \u00e0 garantir la s\u00e9curit\u00e9 des citoyens. Le message est clair : dans le Larache, le business de la drogue est un commerce \u00e0 haut risque.\u00a0 <\/p>\n<p>\u00a0\n\t\t\t\t <\/p>\n","protected":false},"excerpt":{"rendered":"La saisie de la ge darmerie royale de L&#8217;arche fait \u00e9tat de 810 kg de kif empil\u00e9s dans&hellip;\n","protected":false},"author":2,"featured_media":25757,"comment_status":"","ping_status":"","sticky":false,"template":"","format":"standard","meta":{"footnotes":""},"categories":[41],"tags":[554,553,555,556,563,565,560,567,561,557,162,566,564,558,559,158,562,248,239,310,568],"class_list":{"0":"post-25756","1":"post","2":"type-post","3":"status-publish","4":"format-standard","5":"has-post-thumbnail","7":"category-maroc","8":"tag-actualites","9":"tag-actualites-et-infos-au-maroc","10":"tag-actualites-et-infos-mondiale","11":"tag-actualites-marocaines-du-jour","12":"tag-alimentation","13":"tag-analyses","14":"tag-art-de-vivre","15":"tag-chronique","16":"tag-consommation-et-bien-etre","17":"tag-culture","18":"tag-economie","19":"tag-edito","20":"tag-etudes","21":"tag-insolite","22":"tag-loisirs","23":"tag-maroc","24":"tag-mode","25":"tag-politique","26":"tag-societe","27":"tag-sport","28":"tag-tribune"},"share_on_mastodon":{"url":"","error":""},"_links":{"self":[{"href":"https:\/\/www.europesays.com\/africa\/wp-json\/wp\/v2\/posts\/25756","targetHints":{"allow":["GET"]}}],"collection":[{"href":"https:\/\/www.europesays.com\/africa\/wp-json\/wp\/v2\/posts"}],"about":[{"href":"https:\/\/www.europesays.com\/africa\/wp-json\/wp\/v2\/types\/post"}],"author":[{"embeddable":true,"href":"https:\/\/www.europesays.com\/africa\/wp-json\/wp\/v2\/users\/2"}],"replies":[{"embeddable":true,"href":"https:\/\/www.europesays.com\/africa\/wp-json\/wp\/v2\/comments?post=25756"}],"version-history":[{"count":0,"href":"https:\/\/www.europesays.com\/africa\/wp-json\/wp\/v2\/posts\/25756\/revisions"}],"wp:featuredmedia":[{"embeddable":true,"href":"https:\/\/www.europesays.com\/africa\/wp-json\/wp\/v2\/media\/25757"}],"wp:attachment":[{"href":"https:\/\/www.europesays.com\/africa\/wp-json\/wp\/v2\/media?parent=25756"}],"wp:term":[{"taxonomy":"category","embeddable":true,"href":"https:\/\/www.europesays.com\/africa\/wp-json\/wp\/v2\/categories?post=25756"},{"taxonomy":"post_tag","embeddable":true,"href":"https:\/\/www.europesays.com\/africa\/wp-json\/wp\/v2\/tags?post=25756"}],"curies":[{"name":"wp","href":"https:\/\/api.w.org\/{rel}","templated":true}]}}