{"id":2576,"date":"2026-01-04T11:31:06","date_gmt":"2026-01-04T11:31:06","guid":{"rendered":"https:\/\/www.europesays.com\/africa\/2576\/"},"modified":"2026-01-04T11:31:06","modified_gmt":"2026-01-04T11:31:06","slug":"123-viva-lalgerie-on-va-taper-le-congo-bentaleb-confiant","status":"publish","type":"post","link":"https:\/\/www.europesays.com\/africa\/2576\/","title":{"rendered":"\u00ab 1,2,3 viva l&#8217;Alg\u00e9rie ! On va taper le Congo ! \u00bb, Bentaleb confiant"},"content":{"rendered":"<p style=\"text-align: justify;\">Bien qu\u2019\u00e9cart\u00e9 de la Coupe d\u2019Afrique des Nations 2025 sur d\u00e9cision du s\u00e9lectionneur Vladimir Petkovic, Nabil Bentaleb n\u2019en demeure pas moins un fervent soutien de l\u2019\u00e9quipe d\u2019Alg\u00e9rie. Lors de la reprise des entra\u00eenements du LOSC Lille apr\u00e8s la tr\u00eave de fin d\u2019ann\u00e9e, le milieu de terrain a profit\u00e9 de l\u2019occasion pour adresser ses v\u0153ux de bonne ann\u00e9e aux Dogues. Il a ensuite laiss\u00e9 \u00e9clater son enthousiasme en lan\u00e7ant, avec assurance : \u00ab 1, 2, 3 viva l\u2019Alg\u00e9rie ! On va taper le Congo ! \u00bb, affichant ainsi toute sa confiance avant le huiti\u00e8me de finale face \u00e0 la RD Congo.<\/p>\n","protected":false},"excerpt":{"rendered":"Bien qu\u2019\u00e9cart\u00e9 de la Coupe d\u2019Afrique des Nations 2025 sur d\u00e9cision du s\u00e9lectionneur Vladimir Petkovic, Nabil Bentaleb n\u2019en&hellip;\n","protected":false},"author":2,"featured_media":2577,"comment_status":"","ping_status":"","sticky":false,"template":"","format":"standard","meta":{"footnotes":""},"categories":[254],"tags":[255,256,505,2357,2358,2359,2360],"class_list":{"0":"post-2576","1":"post","2":"type-post","3":"status-publish","4":"format-standard","5":"has-post-thumbnail","7":"category-algerie","8":"tag-algerie","9":"tag-algu00e9rie-can","10":"tag-algu00e9rie-rd-congo","11":"tag-bentaleb","12":"tag-bentaleb-algu00e9rie","13":"tag-bentaleb-can-2025","14":"tag-nabil-bentaleb"},"share_on_mastodon":{"url":"","error":""},"_links":{"self":[{"href":"https:\/\/www.europesays.com\/africa\/wp-json\/wp\/v2\/posts\/2576","targetHints":{"allow":["GET"]}}],"collection":[{"href":"https:\/\/www.europesays.com\/africa\/wp-json\/wp\/v2\/posts"}],"about":[{"href":"https:\/\/www.europesays.com\/africa\/wp-json\/wp\/v2\/types\/post"}],"author":[{"embeddable":true,"href":"https:\/\/www.europesays.com\/africa\/wp-json\/wp\/v2\/users\/2"}],"replies":[{"embeddable":true,"href":"https:\/\/www.europesays.com\/africa\/wp-json\/wp\/v2\/comments?post=2576"}],"version-history":[{"count":0,"href":"https:\/\/www.europesays.com\/africa\/wp-json\/wp\/v2\/posts\/2576\/revisions"}],"wp:featuredmedia":[{"embeddable":true,"href":"https:\/\/www.europesays.com\/africa\/wp-json\/wp\/v2\/media\/2577"}],"wp:attachment":[{"href":"https:\/\/www.europesays.com\/africa\/wp-json\/wp\/v2\/media?parent=2576"}],"wp:term":[{"taxonomy":"category","embeddable":true,"href":"https:\/\/www.europesays.com\/africa\/wp-json\/wp\/v2\/categories?post=2576"},{"taxonomy":"post_tag","embeddable":true,"href":"https:\/\/www.europesays.com\/africa\/wp-json\/wp\/v2\/tags?post=2576"}],"curies":[{"name":"wp","href":"https:\/\/api.w.org\/{rel}","templated":true}]}}