{"id":25779,"date":"2026-01-15T20:18:45","date_gmt":"2026-01-15T20:18:45","guid":{"rendered":"https:\/\/www.europesays.com\/africa\/25779\/"},"modified":"2026-01-15T20:18:45","modified_gmt":"2026-01-15T20:18:45","slug":"football-le-maroc-et-le-senegal-saffronteront-en-finale-de-la-can","status":"publish","type":"post","link":"https:\/\/www.europesays.com\/africa\/25779\/","title":{"rendered":"Football : Le Maroc et le S\u00e9n\u00e9gal s&#8217;affronteront en finale de la CAN"},"content":{"rendered":"<p class=\"mb-4 text-lg md:leading-8 break-words\">Youssef El-Nesyri a inscrit le tir au but de la victoire, et Yassine &#8220;Bono&#8221; Bounou en a arr\u00eat\u00e9 deux, permettant au Maroc de se qualifier pour la finale de la Coupe d\u2019Afrique des nations (CAN) gr\u00e2ce \u00e0 une victoire 4-2 aux tirs au but contre le Nigeria, mercredi.<\/p>\n<p class=\"mb-4 text-lg md:leading-8 break-words\">Le gardien nig\u00e9rian Stanley Nwabali en a arr\u00eat\u00e9 un, mais a \u00e9t\u00e9 surpass\u00e9 par Bono lors de la s\u00e9ance, apr\u00e8s que les deux \u00e9quipes ont fait 0-0 apr\u00e8s prolongation, devant 65 458 supporters majoritairement marocains au stade Prince Moulay Abdellah de Rabat.<\/p>\n<p class=\"mb-4 text-lg md:leading-8 break-words\">&#8220;Le match \u00e9tait fou, car on n\u2019a connu le r\u00e9sultat qu\u2019\u00e0 la toute fin&#8221;, raconte un supporter marocain. &#8220;La s\u00e9ance de tirs au but \u00e9tait vraiment intense, mais peu importe comment on gagne. Nous voulons \u00eatre en finale dimanche et, incha&#8217;Allah, ramener le troph\u00e9e de la CAN \u00e0 la maison&#8221;.<\/p>\n<p class=\"mb-4 text-lg md:leading-8 break-words\">Dans la fan zone Royal Air Maroc de Casablanca, les supporters marocains ont explos\u00e9 de joie lorsque leur \u00e9quipe s\u2019est impos\u00e9e. Des c\u00e9l\u00e9brations ont \u00e9clat\u00e9 dans toute la capitale et au-del\u00e0.<\/p>\n<p>Le S\u00e9n\u00e9gal triomphe des Pharaons<\/p>\n<p class=\"mb-4 text-lg md:leading-8 break-words\">Le S\u00e9n\u00e9gal a fini par d\u00e9passer l\u2019\u00c9gypte, \u00e9liminant les Pharaons pour s\u2019offrir une place dans le match phare. Des images en provenance de Tanger ont montr\u00e9 des milliers de supporters s\u00e9n\u00e9galais c\u00e9l\u00e9brer jusque tard dans la nuit.<\/p>\n<p class=\"mb-4 text-lg md:leading-8 break-words\">&#8220;Au d\u00e9but, nous savions que le match serait tr\u00e8s difficile, et nous n\u2019avons pas eu beaucoup d\u2019occasions de marquer&#8221;, raconte un supporter s\u00e9n\u00e9galais. &#8220;Mais en seconde p\u00e9riode, notre \u00e9quipe a pris le contr\u00f4le, et Man\u00e9 a inscrit un magnifique but qui nous a envoy\u00e9s en finale&#8221;.<\/p>\n<p class=\"mb-4 text-lg md:leading-8 break-words\">Avant la finale, l\u2019\u00c9gypte affrontera le Nigeria lors du match pour la troisi\u00e8me place samedi.<\/p>\n<p class=\"mb-4 text-lg md:leading-8 break-words\">La finale, Maroc-S\u00e9n\u00e9gal, est programm\u00e9e dimanche. Tous les regards se tournent d\u00e9sormais vers Rabat.<\/p>\n","protected":false},"excerpt":{"rendered":"Youssef El-Nesyri a inscrit le tir au but de la victoire, et Yassine &#8220;Bono&#8221; Bounou en a arr\u00eat\u00e9&hellip;\n","protected":false},"author":2,"featured_media":25780,"comment_status":"","ping_status":"","sticky":false,"template":"","format":"standard","meta":{"footnotes":""},"categories":[48],"tags":[12069,940,158,122,2902,159,15857],"class_list":{"0":"post-25779","1":"post","2":"type-post","3":"status-publish","4":"format-standard","5":"has-post-thumbnail","7":"category-senegal","8":"tag-bono","9":"tag-coupe-dafrique-des-nations","10":"tag-maroc","11":"tag-nigeria","12":"tag-royal-air-maroc","13":"tag-senegal","14":"tag-tard-dans-la-nuit"},"share_on_mastodon":{"url":"","error":""},"_links":{"self":[{"href":"https:\/\/www.europesays.com\/africa\/wp-json\/wp\/v2\/posts\/25779","targetHints":{"allow":["GET"]}}],"collection":[{"href":"https:\/\/www.europesays.com\/africa\/wp-json\/wp\/v2\/posts"}],"about":[{"href":"https:\/\/www.europesays.com\/africa\/wp-json\/wp\/v2\/types\/post"}],"author":[{"embeddable":true,"href":"https:\/\/www.europesays.com\/africa\/wp-json\/wp\/v2\/users\/2"}],"replies":[{"embeddable":true,"href":"https:\/\/www.europesays.com\/africa\/wp-json\/wp\/v2\/comments?post=25779"}],"version-history":[{"count":0,"href":"https:\/\/www.europesays.com\/africa\/wp-json\/wp\/v2\/posts\/25779\/revisions"}],"wp:featuredmedia":[{"embeddable":true,"href":"https:\/\/www.europesays.com\/africa\/wp-json\/wp\/v2\/media\/25780"}],"wp:attachment":[{"href":"https:\/\/www.europesays.com\/africa\/wp-json\/wp\/v2\/media?parent=25779"}],"wp:term":[{"taxonomy":"category","embeddable":true,"href":"https:\/\/www.europesays.com\/africa\/wp-json\/wp\/v2\/categories?post=25779"},{"taxonomy":"post_tag","embeddable":true,"href":"https:\/\/www.europesays.com\/africa\/wp-json\/wp\/v2\/tags?post=25779"}],"curies":[{"name":"wp","href":"https:\/\/api.w.org\/{rel}","templated":true}]}}