{"id":25802,"date":"2026-01-15T20:34:07","date_gmt":"2026-01-15T20:34:07","guid":{"rendered":"https:\/\/www.europesays.com\/africa\/25802\/"},"modified":"2026-01-15T20:34:07","modified_gmt":"2026-01-15T20:34:07","slug":"vers-des-expositions-maroco-allemandes-communes-convention","status":"publish","type":"post","link":"https:\/\/www.europesays.com\/africa\/25802\/","title":{"rendered":"Vers des expositions maroco-allemandes communes (convention)"},"content":{"rendered":"<p>\t\t\t\t <a href=\"https:\/\/www.lopinion.ma\/javascript:void(0)\" rel=\"https:\/\/www.europesays.com\/africa\/wp-content\/uploads\/2026\/01\/93714687-65452679.jpg&amp;ibox nofollow noopener\" title=\"Le pr\u00e9sident de la FNM, Mehdi Qotbi, et la pr\u00e9sidente de la SPK, la professeure Marion Ackermann.\" target=\"_blank\"><img decoding=\"async\" class=\"responsive\" style=\"display:none\" src=\"https:\/\/www.europesays.com\/africa\/wp-content\/uploads\/2026\/01\/93714687-65452679.jpg\" alt=\"Le pr\u00e9sident de la FNM, Mehdi Qotbi, et la pr\u00e9sidente de la SPK, la professeure Marion Ackermann.\" title=\"Le pr\u00e9sident de la FNM, Mehdi Qotbi, et la pr\u00e9sidente de la SPK, la professeure Marion Ackermann.\" \/><br \/>\n<img decoding=\"async\" class=\"not-responsive\" src=\"https:\/\/www.europesays.com\/africa\/wp-content\/uploads\/2026\/01\/1768509247_725_93714687-65452679.jpg\" alt=\"Le pr\u00e9sident de la FNM, Mehdi Qotbi, et la pr\u00e9sidente de la SPK, la professeure Marion Ackermann.\" title=\"Le pr\u00e9sident de la FNM, Mehdi Qotbi, et la pr\u00e9sidente de la SPK, la professeure Marion Ackermann.\" width=\"688\" \/><\/a><\/p>\n<p>\n\t\t\t\t\t Le pr\u00e9sident de la FNM, Mehdi Qotbi, et la pr\u00e9sidente de la SPK, la professeure Marion Ackermann.\n\t\t\t\t <\/p>\n<p>Paraph\u00e9 au Mus\u00e9e Mohammed VI d\u2019Art Moderne et Contemporain, l\u2019accord a \u00e9t\u00e9 sign\u00e9 c\u00f4t\u00e9 marocain par le pr\u00e9sident de la FNM, Mehdi Qotbi, et c\u00f4t\u00e9 allemand par la pr\u00e9sidente de la SPK, la professeure Marion Ackermann, en visite officielle au Maroc \u00e0 cette occasion.  <br \/>\u00a0  <br \/>Ce partenariat \u00e9tablit un cadre g\u00e9n\u00e9ral de collaboration entre les deux institutions, fond\u00e9 sur l\u2019\u00e9change d\u2019expertises, la mise en r\u00e9seau des comp\u00e9tences et la valorisation des collections. Il s\u2019inscrit dans une volont\u00e9 commune de promouvoir le patrimoine culturel comme levier de dialogue interculturel, de connaissance mutuelle et de d\u00e9veloppement durable.  <br \/>\u00a0  <br \/>La convention pr\u00e9voit le d\u00e9veloppement de projets conjoints dans plusieurs axes, notamment la coop\u00e9ration scientifique \u00e0 travers des recherches partag\u00e9es sur les patrimoines mat\u00e9riel et immat\u00e9riel, l\u2019organisation d\u2019\u00e9changes acad\u00e9miques et de rencontres scientifiques, ainsi que le renforcement des capacit\u00e9s par des programmes de formation en gestion mus\u00e9ale, conservation et restauration. Elle inclut \u00e9galement la conception et la tenue d\u2019expositions et d\u2019\u00e9v\u00e9nements culturels communs dans les deux pays.  <br \/>\u00a0  <br \/>\u00c0 cette occasion, Mehdi Qotbi a soulign\u00e9 que cette coop\u00e9ration portera sur la recherche, la formation, l\u2019\u00e9ducation et la r\u00e9alisation d\u2019expositions et de projets \u00e9v\u00e9nementiels conjoints, au service du rayonnement culturel national et international. De son c\u00f4t\u00e9, Marion Ackermann a salu\u00e9 les r\u00e9alisations de la FNM depuis sa cr\u00e9ation en 2011, exprimant sa volont\u00e9 d\u2019approfondir une collaboration d\u00e9j\u00e0 amorc\u00e9e, notamment autour du traitement d\u2019archives sonores historiques et des \u00e9changes de m\u00e9diation mus\u00e9ale.  <br \/>\u00a0  <br \/>Initi\u00e9e par le Goethe-Institut Marokko avec l\u2019appui de l\u2019Ambassade d\u2019Allemagne au Maroc, cette collaboration s\u2019inscrit dans la continuit\u00e9 d\u2019un dialogue culturel bilat\u00e9ral en constante \u00e9volution entre Rabat et Berlin.<\/p>\n","protected":false},"excerpt":{"rendered":"Le pr\u00e9sident de la FNM, Mehdi Qotbi, et la pr\u00e9sidente de la SPK, la professeure Marion Ackermann. Paraph\u00e9&hellip;\n","protected":false},"author":2,"featured_media":25803,"comment_status":"","ping_status":"","sticky":false,"template":"","format":"standard","meta":{"footnotes":""},"categories":[41],"tags":[554,553,555,556,563,565,560,567,561,557,162,566,564,558,559,158,562,248,239,310,568],"class_list":{"0":"post-25802","1":"post","2":"type-post","3":"status-publish","4":"format-standard","5":"has-post-thumbnail","7":"category-maroc","8":"tag-actualites","9":"tag-actualites-et-infos-au-maroc","10":"tag-actualites-et-infos-mondiale","11":"tag-actualites-marocaines-du-jour","12":"tag-alimentation","13":"tag-analyses","14":"tag-art-de-vivre","15":"tag-chronique","16":"tag-consommation-et-bien-etre","17":"tag-culture","18":"tag-economie","19":"tag-edito","20":"tag-etudes","21":"tag-insolite","22":"tag-loisirs","23":"tag-maroc","24":"tag-mode","25":"tag-politique","26":"tag-societe","27":"tag-sport","28":"tag-tribune"},"share_on_mastodon":{"url":"","error":""},"_links":{"self":[{"href":"https:\/\/www.europesays.com\/africa\/wp-json\/wp\/v2\/posts\/25802","targetHints":{"allow":["GET"]}}],"collection":[{"href":"https:\/\/www.europesays.com\/africa\/wp-json\/wp\/v2\/posts"}],"about":[{"href":"https:\/\/www.europesays.com\/africa\/wp-json\/wp\/v2\/types\/post"}],"author":[{"embeddable":true,"href":"https:\/\/www.europesays.com\/africa\/wp-json\/wp\/v2\/users\/2"}],"replies":[{"embeddable":true,"href":"https:\/\/www.europesays.com\/africa\/wp-json\/wp\/v2\/comments?post=25802"}],"version-history":[{"count":0,"href":"https:\/\/www.europesays.com\/africa\/wp-json\/wp\/v2\/posts\/25802\/revisions"}],"wp:featuredmedia":[{"embeddable":true,"href":"https:\/\/www.europesays.com\/africa\/wp-json\/wp\/v2\/media\/25803"}],"wp:attachment":[{"href":"https:\/\/www.europesays.com\/africa\/wp-json\/wp\/v2\/media?parent=25802"}],"wp:term":[{"taxonomy":"category","embeddable":true,"href":"https:\/\/www.europesays.com\/africa\/wp-json\/wp\/v2\/categories?post=25802"},{"taxonomy":"post_tag","embeddable":true,"href":"https:\/\/www.europesays.com\/africa\/wp-json\/wp\/v2\/tags?post=25802"}],"curies":[{"name":"wp","href":"https:\/\/api.w.org\/{rel}","templated":true}]}}