{"id":25835,"date":"2026-01-15T21:01:09","date_gmt":"2026-01-15T21:01:09","guid":{"rendered":"https:\/\/www.europesays.com\/africa\/25835\/"},"modified":"2026-01-15T21:01:09","modified_gmt":"2026-01-15T21:01:09","slug":"denombrement-international-des-oiseaux-deau-le-ministre-de-lenvironnement-en-visite-au-parc-du-djoudj","status":"publish","type":"post","link":"https:\/\/www.europesays.com\/africa\/25835\/","title":{"rendered":"D\u00e9nombrement international des Oiseaux d\u2019eau : le ministre de l\u2019Environnement en visite au Parc du Djoudj"},"content":{"rendered":"<p>Le Ministre de l\u2019Environnement et de la Transition \u00e9cologique, Dr El Hadji Abdourahmane Diouf, a visit\u00e9 ce mercredi 15 janvier 2026 le Parc national des Oiseaux du Djoudj dans le cadre du D\u00e9nombrement international des Oiseaux d\u2019eau (DIOE).<\/p>\n<p>Situ\u00e9 dans le delta du fleuve S\u00e9n\u00e9gal, le Djoudj compte 365 esp\u00e8ces d\u2019oiseaux et constitue l\u2019un des principaux sites de reproduction du P\u00e9lican blanc en Afrique de l\u2019Ouest. \u00ab Le Djoudj est un site exceptionnel, avec pr\u00e8s de 22 000 P\u00e9licans blancs. C\u2019est une merveille \u00e0 d\u00e9couvrir par les S\u00e9n\u00e9galais et les visiteurs \u00e9trangers \u00bb, a soulign\u00e9 le Ministre.<\/p>\n<p>Le DIOE est r\u00e9alis\u00e9 chaque 15 janvier dans 143 pays. Au S\u00e9n\u00e9gal, 37 sites et 219 secteurs sont mobilis\u00e9s pour collecter les donn\u00e9es sur les oiseaux d\u2019eau.\u00a0 En participant \u00e0 ce d\u00e9nombrement mondial, le S\u00e9n\u00e9gal contribue \u00e0 l\u2019\u00e9valuation internationale de la biodiversit\u00e9 \u00bb, a d\u00e9clar\u00e9 le Dr Diouf.<\/p>\n<p>Le Ministre a rappel\u00e9 la volont\u00e9 de l\u2019\u00c9tat d\u2019associer conservation et d\u00e9veloppement durable \u00e0 travers un futur mod\u00e8le de partenariat public-priv\u00e9. \u00ab Autant en mati\u00e8re de conservation nous avons avanc\u00e9, autant en termes d\u2019exploitation durable nous sommes en retard \u00bb, a-t-il indiqu\u00e9.<\/p>\n<p>Un hommage particulier a \u00e9t\u00e9 rendu aux \u00e9quipes du parc, avec l\u2019annonce de nouveaux postes de garde destin\u00e9s \u00e0 am\u00e9liorer leurs conditions de travail. L\u2019\u00e9dition 2026 du DIOE est plac\u00e9e sous le parrainage du Pha\u00e9ton \u00e0 bec rouge (Phaethon aethereus), un oiseau marin rare nichant dans le Parc national des \u00celes de la Madeleine et consid\u00e9r\u00e9 comme esp\u00e8ce patrimoniale au S\u00e9n\u00e9gal<\/p>\n<p>Jeanne SAGNA (Correspondante)<\/p>\n","protected":false},"excerpt":{"rendered":"Le Ministre de l\u2019Environnement et de la Transition \u00e9cologique, Dr El Hadji Abdourahmane Diouf, a visit\u00e9 ce mercredi&hellip;\n","protected":false},"author":2,"featured_media":25836,"comment_status":"","ping_status":"","sticky":false,"template":"","format":"standard","meta":{"footnotes":""},"categories":[48],"tags":[159],"class_list":{"0":"post-25835","1":"post","2":"type-post","3":"status-publish","4":"format-standard","5":"has-post-thumbnail","7":"category-senegal","8":"tag-senegal"},"share_on_mastodon":{"url":"","error":""},"_links":{"self":[{"href":"https:\/\/www.europesays.com\/africa\/wp-json\/wp\/v2\/posts\/25835","targetHints":{"allow":["GET"]}}],"collection":[{"href":"https:\/\/www.europesays.com\/africa\/wp-json\/wp\/v2\/posts"}],"about":[{"href":"https:\/\/www.europesays.com\/africa\/wp-json\/wp\/v2\/types\/post"}],"author":[{"embeddable":true,"href":"https:\/\/www.europesays.com\/africa\/wp-json\/wp\/v2\/users\/2"}],"replies":[{"embeddable":true,"href":"https:\/\/www.europesays.com\/africa\/wp-json\/wp\/v2\/comments?post=25835"}],"version-history":[{"count":0,"href":"https:\/\/www.europesays.com\/africa\/wp-json\/wp\/v2\/posts\/25835\/revisions"}],"wp:featuredmedia":[{"embeddable":true,"href":"https:\/\/www.europesays.com\/africa\/wp-json\/wp\/v2\/media\/25836"}],"wp:attachment":[{"href":"https:\/\/www.europesays.com\/africa\/wp-json\/wp\/v2\/media?parent=25835"}],"wp:term":[{"taxonomy":"category","embeddable":true,"href":"https:\/\/www.europesays.com\/africa\/wp-json\/wp\/v2\/categories?post=25835"},{"taxonomy":"post_tag","embeddable":true,"href":"https:\/\/www.europesays.com\/africa\/wp-json\/wp\/v2\/tags?post=25835"}],"curies":[{"name":"wp","href":"https:\/\/api.w.org\/{rel}","templated":true}]}}