{"id":25837,"date":"2026-01-15T21:02:06","date_gmt":"2026-01-15T21:02:06","guid":{"rendered":"https:\/\/www.europesays.com\/africa\/25837\/"},"modified":"2026-01-15T21:02:06","modified_gmt":"2026-01-15T21:02:06","slug":"environ-390-000-veuves-beneficient-du-programme-daide-sociale-directe-2","status":"publish","type":"post","link":"https:\/\/www.europesays.com\/africa\/25837\/","title":{"rendered":"Environ 390.000 veuves b\u00e9n\u00e9ficient du programme d&#8217;aide sociale directe"},"content":{"rendered":"<p><img fetchpriority=\"high\" width=\"754\" height=\"487\" src=\"https:\/\/www.europesays.com\/africa\/wp-content\/uploads\/2026\/01\/Baitas-2.jpg\" class=\"attachment-full size-full wp-post-image\" alt=\"Baitas\" data-main-img=\"1\" decoding=\"async\"  \/><\/p>\n<p>\t\t\tQuelque 390.000 veuves b\u00e9n\u00e9ficient du programme d\u2019aide sociale directe, a indiqu\u00e9, jeudi \u00e0 Rabat, le ministre d\u00e9l\u00e9gu\u00e9 charg\u00e9 des Relations avec le parlement, porte-parole du gouvernement, Mustapha Baitas.<\/p>\n<p style=\"text-align: justify;\">En r\u00e9ponse \u00e0 une question pos\u00e9e lors d\u2019un point de presse \u00e0 l\u2019issue du Conseil de gouvernement, M. Baitas a expliqu\u00e9 que le syst\u00e8me d\u2019aide sociale couvre d\u00e9sormais 3,9 millions de familles, pr\u00e9cisant que le budget allou\u00e9 au chantier de g\u00e9n\u00e9ralisation de la protection sociale s\u2019\u00e9l\u00e8ve \u00e0 41,5 milliards de dirhams pour l\u2019ann\u00e9e en cours.<\/p>\n<p style=\"text-align: justify;\"><a href=\"https:\/\/maroc-diplomatique.net\/aide-sociale-directe-49-mmdh-mobilises-depuis-le-lancement-du-dispositif\/\" rel=\"nofollow noopener\" target=\"_blank\">Lire aussi : Aide sociale directe : 49 MMDH mobilis\u00e9s depuis le lancement du dispositif<\/a><\/p>\n<p style=\"text-align: justify;\">Le ministre d\u00e9l\u00e9gu\u00e9 a soulign\u00e9 que le nombre des b\u00e9n\u00e9ficiaires de ce syst\u00e8me a quadrupl\u00e9, rappelant que cette aide constitue l\u2019un des piliers de la vision du gouvernement dans son volet relatif \u00e0 l\u2019\u00c9tat social.<\/p>\n<p style=\"text-align: justify;\">Le gouvernement s\u2019attelle \u00e0 la mise en \u0153uvre concr\u00e8te du chantier de l\u2019aide sociale, a-t-il poursuivi, mettant en avant l\u2019ouverture de l\u2019Ex\u00e9cutif au dialogue afin de d\u00e9velopper ce processus et rem\u00e9dier \u00e0 d\u2019\u00e9ventuels dysfonctionnements.<\/p>\n<p style=\"text-align: justify;\">Avec MAP<\/p>\n","protected":false},"excerpt":{"rendered":"Quelque 390.000 veuves b\u00e9n\u00e9ficient du programme d\u2019aide sociale directe, a indiqu\u00e9, jeudi \u00e0 Rabat, le ministre d\u00e9l\u00e9gu\u00e9 charg\u00e9&hellip;\n","protected":false},"author":2,"featured_media":25838,"comment_status":"","ping_status":"","sticky":false,"template":"","format":"standard","meta":{"footnotes":""},"categories":[41],"tags":[15904,7897,158,15905,15906],"class_list":{"0":"post-25837","1":"post","2":"type-post","3":"status-publish","4":"format-standard","5":"has-post-thumbnail","7":"category-maroc","8":"tag-aide-sociale","9":"tag-conseil-de-gouvernement","10":"tag-maroc","11":"tag-mustafa-baitas","12":"tag-veuves"},"share_on_mastodon":{"url":"","error":""},"_links":{"self":[{"href":"https:\/\/www.europesays.com\/africa\/wp-json\/wp\/v2\/posts\/25837","targetHints":{"allow":["GET"]}}],"collection":[{"href":"https:\/\/www.europesays.com\/africa\/wp-json\/wp\/v2\/posts"}],"about":[{"href":"https:\/\/www.europesays.com\/africa\/wp-json\/wp\/v2\/types\/post"}],"author":[{"embeddable":true,"href":"https:\/\/www.europesays.com\/africa\/wp-json\/wp\/v2\/users\/2"}],"replies":[{"embeddable":true,"href":"https:\/\/www.europesays.com\/africa\/wp-json\/wp\/v2\/comments?post=25837"}],"version-history":[{"count":0,"href":"https:\/\/www.europesays.com\/africa\/wp-json\/wp\/v2\/posts\/25837\/revisions"}],"wp:featuredmedia":[{"embeddable":true,"href":"https:\/\/www.europesays.com\/africa\/wp-json\/wp\/v2\/media\/25838"}],"wp:attachment":[{"href":"https:\/\/www.europesays.com\/africa\/wp-json\/wp\/v2\/media?parent=25837"}],"wp:term":[{"taxonomy":"category","embeddable":true,"href":"https:\/\/www.europesays.com\/africa\/wp-json\/wp\/v2\/categories?post=25837"},{"taxonomy":"post_tag","embeddable":true,"href":"https:\/\/www.europesays.com\/africa\/wp-json\/wp\/v2\/tags?post=25837"}],"curies":[{"name":"wp","href":"https:\/\/api.w.org\/{rel}","templated":true}]}}