{"id":25852,"date":"2026-01-15T21:15:07","date_gmt":"2026-01-15T21:15:07","guid":{"rendered":"https:\/\/www.europesays.com\/africa\/25852\/"},"modified":"2026-01-15T21:15:07","modified_gmt":"2026-01-15T21:15:07","slug":"maroc-sera-en-clair-a-la-tv","status":"publish","type":"post","link":"https:\/\/www.europesays.com\/africa\/25852\/","title":{"rendered":"Maroc sera en clair \u00e0 la TV"},"content":{"rendered":"<p><img fetchpriority=\"high\" decoding=\"async\" width=\"620\" height=\"413\" src=\"https:\/\/www.europesays.com\/africa\/wp-content\/uploads\/2026\/01\/Coupe-Afrique-nations-trophee-CAN-620x413.jpg\" alt=\"S\u00e9n\u00e9gal - Maroc sera en clair \u00e0 la TV\" class=\"wp-image-389305\" style=\"width:620px;height:auto\"  \/>Qui remportera le troph\u00e9e de la CAN entre le Maroc et le S\u00e9n\u00e9gal ?<\/p>\n<p>La finale de la Coupe d\u2019Afrique des Nations 2026, pr\u00e9vue ce dimanche \u00e0 20 heures, sera diffus\u00e9e en clair \u00e0 la TV \u00e0 destination du plus grand nombre des t\u00e9l\u00e9spectateurs en France. Le groupe M6 le confirme ce jeudi, au lendemain des demi-finales, apr\u00e8s accord de sous-licence obtenu de Bein Sports, qui a l\u2019int\u00e9gralit\u00e9 des droits de diffusion du tournoi.<\/p>\n<p>M6 proposera la finale sur son antenne<\/p>\n<p>La rencontre sera \u00e0 suivre sur M6, elle opposera le S\u00e9n\u00e9gal de Sadio Man\u00e9, vainqueur en demi-finale de l\u2019Egypte de son ancien partenaire Mohamed Salah (1-0), au pays h\u00f4te le Maroc, plus en difficult\u00e9 pour \u00e9carter la route du Nig\u00e9ria aux tirs au but (4-2), apr\u00e8s un nul vierge jusqu\u2019au bout des prolongations.<\/p>\n<p>La rencontre sur M6 sera comment\u00e9e par le journaliste maison, Xavier Domergue, avec \u00e0 ses c\u00f4t\u00e9s un consultant qui reste \u00e0 d\u00e9terminer. Sur Bein Sports officiera le duo Julien Chaput et Robert Malm au micro. La cha\u00eene proposera aussi en exclusivit\u00e9 le match de la troisi\u00e8me place entre l\u2019Egypte et le Nig\u00e9ria, programm\u00e9 samedi \u00e0 17 heures.<\/p>\n","protected":false},"excerpt":{"rendered":"Qui remportera le troph\u00e9e de la CAN entre le Maroc et le S\u00e9n\u00e9gal ? La finale de la&hellip;\n","protected":false},"author":2,"featured_media":25853,"comment_status":"","ping_status":"","sticky":false,"template":"","format":"standard","meta":{"footnotes":""},"categories":[48],"tags":[360,15131,159],"class_list":{"0":"post-25852","1":"post","2":"type-post","3":"status-publish","4":"format-standard","5":"has-post-thumbnail","7":"category-senegal","8":"tag-can","9":"tag-m6","10":"tag-senegal"},"share_on_mastodon":{"url":"","error":""},"_links":{"self":[{"href":"https:\/\/www.europesays.com\/africa\/wp-json\/wp\/v2\/posts\/25852","targetHints":{"allow":["GET"]}}],"collection":[{"href":"https:\/\/www.europesays.com\/africa\/wp-json\/wp\/v2\/posts"}],"about":[{"href":"https:\/\/www.europesays.com\/africa\/wp-json\/wp\/v2\/types\/post"}],"author":[{"embeddable":true,"href":"https:\/\/www.europesays.com\/africa\/wp-json\/wp\/v2\/users\/2"}],"replies":[{"embeddable":true,"href":"https:\/\/www.europesays.com\/africa\/wp-json\/wp\/v2\/comments?post=25852"}],"version-history":[{"count":0,"href":"https:\/\/www.europesays.com\/africa\/wp-json\/wp\/v2\/posts\/25852\/revisions"}],"wp:featuredmedia":[{"embeddable":true,"href":"https:\/\/www.europesays.com\/africa\/wp-json\/wp\/v2\/media\/25853"}],"wp:attachment":[{"href":"https:\/\/www.europesays.com\/africa\/wp-json\/wp\/v2\/media?parent=25852"}],"wp:term":[{"taxonomy":"category","embeddable":true,"href":"https:\/\/www.europesays.com\/africa\/wp-json\/wp\/v2\/categories?post=25852"},{"taxonomy":"post_tag","embeddable":true,"href":"https:\/\/www.europesays.com\/africa\/wp-json\/wp\/v2\/tags?post=25852"}],"curies":[{"name":"wp","href":"https:\/\/api.w.org\/{rel}","templated":true}]}}