{"id":25870,"date":"2026-01-15T21:26:06","date_gmt":"2026-01-15T21:26:06","guid":{"rendered":"https:\/\/www.europesays.com\/africa\/25870\/"},"modified":"2026-01-15T21:26:06","modified_gmt":"2026-01-15T21:26:06","slug":"video-afrique-du-sud-nouvelle-zelande-france-ou-en-sont-les-favoris-de-la-coupe-du-monde-2027-kick-off-rugby","status":"publish","type":"post","link":"https:\/\/www.europesays.com\/africa\/25870\/","title":{"rendered":"Vid\u00e9o. Afrique du Sud, Nouvelle-Z\u00e9lande, France\u2026 O\u00f9 en sont les favoris de la Coupe du monde 2027\u00a0? Kick-Off Rugby"},"content":{"rendered":"<p>\n                Nous sommes \u00e0 mi-parcours, dans la pr\u00e9paration de la Coupe du monde 2027, o\u00f9 en sont donc les favoris\u00a0? L\u2019Afrique du Sud surnage, la Nouvelle-Z\u00e9lande doute, la France aussi\u00a0?\u2026. On en parle\u00a0!\n            <\/p>\n<p>L\u2019\u00e9viction de Scott Robertson \u00e0 la t\u00eate de la s\u00e9lection n\u00e9o-z\u00e9landaise est tr\u00e8s surprenante, tant les All Blacks sont adeptes de la continuit\u00e9 et de la tranquillit\u00e9. Un changement de s\u00e9lectionneur qui chamboule forc\u00e9ment les plans \u00e0 maintenant 18 mois du Mondial australien. Qui sont les vrais favoris et outsiders, \u00e0 mi-parcours dans la pr\u00e9paration de la plus grande des comp\u00e9titions\u00a0? C\u2019est notre gros d\u00e9bat\u00a0!<\/p>\n<p>Nous parlerons \u00e9videmment du XV de France, \u00e0 moins d\u2019une semaine de l\u2019annonce de la liste de Fabien Galthi\u00e9 pour pr\u00e9parer le Tournoi des 6 Nations. Quid des cadres de retour, des jeunes qui montent ou des nouveaux arrivants\u00a0? On fait le tour\u00a0! Et puis \u00e9videmment nous aborderons la Champions et Challenge Cup, dont les derni\u00e8res journ\u00e9es se disputeront ce week-end\u00a0!<\/p>\n<p>Le programme du jour<\/p>\n<p>Au c\u0153ur du ruck\u00a0: o\u00f9 en sont les favoris du Mondial 2027\u00a0?<\/p>\n<p>Les jeux\u00a0: Top chrono\u00a0!<\/p>\n<p>Les actus en m\u00eal\u00e9e\u00a0: La liste de Fabien Galthi\u00e9 pour pr\u00e9parer le Tournoi<\/p>\n<p>Les pronos\u00a0: derni\u00e8re journ\u00e9e de Champions Cup<\/p>\n","protected":false},"excerpt":{"rendered":"Nous sommes \u00e0 mi-parcours, dans la pr\u00e9paration de la Coupe du monde 2027, o\u00f9 en sont donc les&hellip;\n","protected":false},"author":2,"featured_media":25871,"comment_status":"","ping_status":"","sticky":false,"template":"","format":"standard","meta":{"footnotes":""},"categories":[62],"tags":[64,15701,15700],"class_list":{"0":"post-25870","1":"post","2":"type-post","3":"status-publish","4":"format-standard","5":"has-post-thumbnail","7":"category-afrique","8":"tag-afrique","9":"tag-kick-off-rugby","10":"tag-replay-vidu00e9os-et-podcasts-rugby"},"share_on_mastodon":{"url":"","error":""},"_links":{"self":[{"href":"https:\/\/www.europesays.com\/africa\/wp-json\/wp\/v2\/posts\/25870","targetHints":{"allow":["GET"]}}],"collection":[{"href":"https:\/\/www.europesays.com\/africa\/wp-json\/wp\/v2\/posts"}],"about":[{"href":"https:\/\/www.europesays.com\/africa\/wp-json\/wp\/v2\/types\/post"}],"author":[{"embeddable":true,"href":"https:\/\/www.europesays.com\/africa\/wp-json\/wp\/v2\/users\/2"}],"replies":[{"embeddable":true,"href":"https:\/\/www.europesays.com\/africa\/wp-json\/wp\/v2\/comments?post=25870"}],"version-history":[{"count":0,"href":"https:\/\/www.europesays.com\/africa\/wp-json\/wp\/v2\/posts\/25870\/revisions"}],"wp:featuredmedia":[{"embeddable":true,"href":"https:\/\/www.europesays.com\/africa\/wp-json\/wp\/v2\/media\/25871"}],"wp:attachment":[{"href":"https:\/\/www.europesays.com\/africa\/wp-json\/wp\/v2\/media?parent=25870"}],"wp:term":[{"taxonomy":"category","embeddable":true,"href":"https:\/\/www.europesays.com\/africa\/wp-json\/wp\/v2\/categories?post=25870"},{"taxonomy":"post_tag","embeddable":true,"href":"https:\/\/www.europesays.com\/africa\/wp-json\/wp\/v2\/tags?post=25870"}],"curies":[{"name":"wp","href":"https:\/\/api.w.org\/{rel}","templated":true}]}}