{"id":25874,"date":"2026-01-15T21:29:07","date_gmt":"2026-01-15T21:29:07","guid":{"rendered":"https:\/\/www.europesays.com\/africa\/25874\/"},"modified":"2026-01-15T21:29:07","modified_gmt":"2026-01-15T21:29:07","slug":"affaire-opposant-ibrahima-drame-au-general-moussa-fall-lex-commandant-condamne-a-un-an-ferme","status":"publish","type":"post","link":"https:\/\/www.europesays.com\/africa\/25874\/","title":{"rendered":"Affaire opposant Ibrahima Dram\u00e9 au g\u00e9n\u00e9ral Moussa Fall : l\u2019ex-commandant condamn\u00e9 \u00e0 un an ferme"},"content":{"rendered":"<p>XALIMANEWS: Le tribunal correctionnel de Dakar a statu\u00e9, ce mercredi 15 janvier 2026, dans le dossier judiciaire opposant l\u2019ancien commandant de la gendarmerie nationale, Ibrahima Dram\u00e9, au g\u00e9n\u00e9ral Moussa Fall, ainsi qu\u2019aux colonels Abdou Mbengue et Cheikh Faye.<\/p>\n<p>\u00c0 l\u2019issue des d\u00e9bats, la juridiction a retenu la responsabilit\u00e9 p\u00e9nale d\u2019Ibrahima Dram\u00e9, reconnu coupable de menaces de mort, d\u2019outrage \u00e0 agent et d\u2019atteinte \u00e0 la s\u00fbret\u00e9 de l\u2019\u00c9tat. Il a \u00e9t\u00e9 condamn\u00e9 \u00e0 deux ans d\u2019emprisonnement, dont un an ferme.<\/p>\n<p>Sur le volet civil, le tribunal a pris acte du d\u00e9sistement des colonels Abdou Mbengue et Cheikh Faye, qui ont renonc\u00e9 \u00e0 toute demande de r\u00e9paration financi\u00e8re. En ce qui concerne le g\u00e9n\u00e9ral Moussa Fall, les juges ont d\u00e9cid\u00e9 de r\u00e9server ses int\u00e9r\u00eats, maintenant ouverte la question d\u2019\u00e9ventuels dommages et int\u00e9r\u00eats.<\/p>\n","protected":false},"excerpt":{"rendered":"XALIMANEWS: Le tribunal correctionnel de Dakar a statu\u00e9, ce mercredi 15 janvier 2026, dans le dossier judiciaire opposant&hellip;\n","protected":false},"author":2,"featured_media":25875,"comment_status":"","ping_status":"","sticky":false,"template":"","format":"standard","meta":{"footnotes":""},"categories":[48],"tags":[159],"class_list":{"0":"post-25874","1":"post","2":"type-post","3":"status-publish","4":"format-standard","5":"has-post-thumbnail","7":"category-senegal","8":"tag-senegal"},"share_on_mastodon":{"url":"","error":""},"_links":{"self":[{"href":"https:\/\/www.europesays.com\/africa\/wp-json\/wp\/v2\/posts\/25874","targetHints":{"allow":["GET"]}}],"collection":[{"href":"https:\/\/www.europesays.com\/africa\/wp-json\/wp\/v2\/posts"}],"about":[{"href":"https:\/\/www.europesays.com\/africa\/wp-json\/wp\/v2\/types\/post"}],"author":[{"embeddable":true,"href":"https:\/\/www.europesays.com\/africa\/wp-json\/wp\/v2\/users\/2"}],"replies":[{"embeddable":true,"href":"https:\/\/www.europesays.com\/africa\/wp-json\/wp\/v2\/comments?post=25874"}],"version-history":[{"count":0,"href":"https:\/\/www.europesays.com\/africa\/wp-json\/wp\/v2\/posts\/25874\/revisions"}],"wp:featuredmedia":[{"embeddable":true,"href":"https:\/\/www.europesays.com\/africa\/wp-json\/wp\/v2\/media\/25875"}],"wp:attachment":[{"href":"https:\/\/www.europesays.com\/africa\/wp-json\/wp\/v2\/media?parent=25874"}],"wp:term":[{"taxonomy":"category","embeddable":true,"href":"https:\/\/www.europesays.com\/africa\/wp-json\/wp\/v2\/categories?post=25874"},{"taxonomy":"post_tag","embeddable":true,"href":"https:\/\/www.europesays.com\/africa\/wp-json\/wp\/v2\/tags?post=25874"}],"curies":[{"name":"wp","href":"https:\/\/api.w.org\/{rel}","templated":true}]}}