{"id":25876,"date":"2026-01-15T21:30:10","date_gmt":"2026-01-15T21:30:10","guid":{"rendered":"https:\/\/www.europesays.com\/africa\/25876\/"},"modified":"2026-01-15T21:30:10","modified_gmt":"2026-01-15T21:30:10","slug":"rabat-et-nouakchott-scellent-deux-nouveaux-partenariats-strategiques-h24info","status":"publish","type":"post","link":"https:\/\/www.europesays.com\/africa\/25876\/","title":{"rendered":"Rabat et Nouakchott scellent deux nouveaux partenariats strat\u00e9giques , H24info"},"content":{"rendered":"<p>h3{color:#1f66ba;font-family:oxygen,source-sans-pro,Arial,-apple-system,BlinkMacSystemFont,Segoe\\ UI,Roboto,Oxygen-Sans,Ubuntu,Cantarell,Helvetica\\ Neue,Helvetica,sans-serif;font-size:1.25rem;font-weight:600;line-height:1.4;margin:8px 0}]]]]>]]><br \/>\nLa r\u00e9daction vous conseille<\/p>\n<p><a href=\"https:\/\/h24info.ma\/maroc\/belgique-expulsions-prisons-cooperation-maroc\/\" class=\"h24-ranking-profile-link\" data-h24-domain=\"H24info\" rel=\"nofollow noopener\" target=\"_blank\"><\/p>\n<p>Belgique: hausse marqu\u00e9e des expulsions depuis les prisons gr\u00e2ce \u00e0 la coop\u00e9ration marocaine<br \/>\n<\/a><\/p>\n<p class=\"h24-ranking-profile-standfirst\">\nLa coop\u00e9ration maroco-mauritanienne s\u2019est renforc\u00e9e par la signature, jeudi \u00e0 Nouakchott, de deux conventions de partenariat dans le <a href=\"https:\/\/h24info.ma\/maroc\/belgique-expulsions-prisons-cooperation-maroc\/\" style=\"color:#002fff;\" rel=\"nofollow noopener\" target=\"_blank\">Lire la suite<\/a> <\/p>\n<p><a href=\"https:\/\/h24info.ma\/special-can\/can-2025-reactions-des-supporters-apres-nigeria-maroc-et-pronostics-pour-la-finale\/\" class=\"h24-ranking-profile-link\" data-h24-domain=\"H24info\" rel=\"nofollow noopener\" target=\"_blank\"><\/p>\n<p>CAN 2025: r\u00e9actions des supporters apr\u00e8s Nigeria-Maroc et pronostics pour la finale<br \/>\n<\/a><\/p>\n<p class=\"h24-ranking-profile-standfirst\">\nLa coop\u00e9ration maroco-mauritanienne s\u2019est renforc\u00e9e par la signature, jeudi \u00e0 Nouakchott, de deux conventions de partenariat dans le <a href=\"https:\/\/h24info.ma\/special-can\/can-2025-reactions-des-supporters-apres-nigeria-maroc-et-pronostics-pour-la-finale\/\" style=\"color:#002fff;\" rel=\"nofollow noopener\" target=\"_blank\">Lire la suite<\/a> <\/p>\n<p><a href=\"https:\/\/h24info.ma\/maroc\/visas-americains-marocains\/\" class=\"h24-ranking-profile-link\" data-h24-domain=\"H24info\" rel=\"nofollow noopener\" target=\"_blank\"><\/p>\n<p>Visas am\u00e9ricains: ce que la suspension change (ou pas) pour les Marocains<br \/>\n<\/a><\/p>\n<p class=\"h24-ranking-profile-standfirst\">\nLa coop\u00e9ration maroco-mauritanienne s\u2019est renforc\u00e9e par la signature, jeudi \u00e0 Nouakchott, de deux conventions de partenariat dans le <a href=\"https:\/\/h24info.ma\/maroc\/visas-americains-marocains\/\" style=\"color:#002fff;\" rel=\"nofollow noopener\" target=\"_blank\">Lire la suite<\/a> <\/p>\n<p><a href=\"https:\/\/h24info.ma\/sport\/football\/can-feminine-maroc-2026-le-maroc-dans-le-groupe-a-avec-lalgerie-le-senegal-et-le-kenya\/\" class=\"h24-ranking-profile-link\" data-h24-domain=\"H24info\" rel=\"nofollow noopener\" target=\"_blank\"><\/p>\n<p>CAN f\u00e9minine Maroc 2026: le Maroc dans le groupe A avec l\u2019Alg\u00e9rie, le S\u00e9n\u00e9gal et le Kenya<br \/>\n<\/a><\/p>\n<p class=\"h24-ranking-profile-standfirst\">\nLa coop\u00e9ration maroco-mauritanienne s\u2019est renforc\u00e9e par la signature, jeudi \u00e0 Nouakchott, de deux conventions de partenariat dans le <a href=\"https:\/\/h24info.ma\/sport\/football\/can-feminine-maroc-2026-le-maroc-dans-le-groupe-a-avec-lalgerie-le-senegal-et-le-kenya\/\" style=\"color:#002fff;\" rel=\"nofollow noopener\" target=\"_blank\">Lire la suite<\/a> <\/p>\n","protected":false},"excerpt":{"rendered":"h3{color:#1f66ba;font-family:oxygen,source-sans-pro,Arial,-apple-system,BlinkMacSystemFont,Segoe\\ UI,Roboto,Oxygen-Sans,Ubuntu,Cantarell,Helvetica\\ Neue,Helvetica,sans-serif;font-size:1.25rem;font-weight:600;line-height:1.4;margin:8px 0}]]]]&gt;]]&gt; La r\u00e9daction vous conseille Belgique: hausse marqu\u00e9e des expulsions depuis les prisons gr\u00e2ce \u00e0&hellip;\n","protected":false},"author":2,"featured_media":25877,"comment_status":"","ping_status":"","sticky":false,"template":"","format":"standard","meta":{"footnotes":""},"categories":[41],"tags":[158],"class_list":{"0":"post-25876","1":"post","2":"type-post","3":"status-publish","4":"format-standard","5":"has-post-thumbnail","7":"category-maroc","8":"tag-maroc"},"share_on_mastodon":{"url":"","error":""},"_links":{"self":[{"href":"https:\/\/www.europesays.com\/africa\/wp-json\/wp\/v2\/posts\/25876","targetHints":{"allow":["GET"]}}],"collection":[{"href":"https:\/\/www.europesays.com\/africa\/wp-json\/wp\/v2\/posts"}],"about":[{"href":"https:\/\/www.europesays.com\/africa\/wp-json\/wp\/v2\/types\/post"}],"author":[{"embeddable":true,"href":"https:\/\/www.europesays.com\/africa\/wp-json\/wp\/v2\/users\/2"}],"replies":[{"embeddable":true,"href":"https:\/\/www.europesays.com\/africa\/wp-json\/wp\/v2\/comments?post=25876"}],"version-history":[{"count":0,"href":"https:\/\/www.europesays.com\/africa\/wp-json\/wp\/v2\/posts\/25876\/revisions"}],"wp:featuredmedia":[{"embeddable":true,"href":"https:\/\/www.europesays.com\/africa\/wp-json\/wp\/v2\/media\/25877"}],"wp:attachment":[{"href":"https:\/\/www.europesays.com\/africa\/wp-json\/wp\/v2\/media?parent=25876"}],"wp:term":[{"taxonomy":"category","embeddable":true,"href":"https:\/\/www.europesays.com\/africa\/wp-json\/wp\/v2\/categories?post=25876"},{"taxonomy":"post_tag","embeddable":true,"href":"https:\/\/www.europesays.com\/africa\/wp-json\/wp\/v2\/tags?post=25876"}],"curies":[{"name":"wp","href":"https:\/\/api.w.org\/{rel}","templated":true}]}}