{"id":25894,"date":"2026-01-15T21:43:24","date_gmt":"2026-01-15T21:43:24","guid":{"rendered":"https:\/\/www.europesays.com\/africa\/25894\/"},"modified":"2026-01-15T21:43:24","modified_gmt":"2026-01-15T21:43:24","slug":"can-2025-le-maroc-tient-sa-finale-face-au-senegal","status":"publish","type":"post","link":"https:\/\/www.europesays.com\/africa\/25894\/","title":{"rendered":"CAN 2025 : le Maroc tient sa finale face au S\u00e9n\u00e9gal"},"content":{"rendered":"<p class=\"t-content__chapo\">\n                                                                Les super favoris du Maroc ont battu les Super Eagles du Nigeria (0-0, 4 t.a.b. \u00e0 2) en demi-finale et ne sont plus qu&#8217;\u00e0 un match de remporter enfin leur deuxi\u00e8me Coupe d&#8217;Afrique, devant leur public de Rabat en folie. Les Lions de l&#8217;Atlas se mesureront \u00e0 ceux du S\u00e9n\u00e9gal, vainqueurs de l&#8217;Egypte (1-0), dimanche dans le m\u00eame stade Prince Moulay Adbellah pour coiffer \u00e0 nouveau la couronne apr\u00e8s laquelle ils courent depuis 1976. Explications de Benoit Perrochais, chef du service Sports de France 24                            <\/p>\n<p>Mots-cl\u00e9s associ\u00e9s \u00e0 la vid\u00e9o<\/p>\n","protected":false},"excerpt":{"rendered":"Les super favoris du Maroc ont battu les Super Eagles du Nigeria (0-0, 4 t.a.b. \u00e0 2) en&hellip;\n","protected":false},"author":2,"featured_media":25895,"comment_status":"","ping_status":"","sticky":false,"template":"","format":"standard","meta":{"footnotes":""},"categories":[48],"tags":[179,159],"class_list":{"0":"post-25894","1":"post","2":"type-post","3":"status-publish","4":"format-standard","5":"has-post-thumbnail","7":"category-senegal","8":"tag-can-2025","9":"tag-senegal"},"share_on_mastodon":{"url":"","error":""},"_links":{"self":[{"href":"https:\/\/www.europesays.com\/africa\/wp-json\/wp\/v2\/posts\/25894","targetHints":{"allow":["GET"]}}],"collection":[{"href":"https:\/\/www.europesays.com\/africa\/wp-json\/wp\/v2\/posts"}],"about":[{"href":"https:\/\/www.europesays.com\/africa\/wp-json\/wp\/v2\/types\/post"}],"author":[{"embeddable":true,"href":"https:\/\/www.europesays.com\/africa\/wp-json\/wp\/v2\/users\/2"}],"replies":[{"embeddable":true,"href":"https:\/\/www.europesays.com\/africa\/wp-json\/wp\/v2\/comments?post=25894"}],"version-history":[{"count":0,"href":"https:\/\/www.europesays.com\/africa\/wp-json\/wp\/v2\/posts\/25894\/revisions"}],"wp:featuredmedia":[{"embeddable":true,"href":"https:\/\/www.europesays.com\/africa\/wp-json\/wp\/v2\/media\/25895"}],"wp:attachment":[{"href":"https:\/\/www.europesays.com\/africa\/wp-json\/wp\/v2\/media?parent=25894"}],"wp:term":[{"taxonomy":"category","embeddable":true,"href":"https:\/\/www.europesays.com\/africa\/wp-json\/wp\/v2\/categories?post=25894"},{"taxonomy":"post_tag","embeddable":true,"href":"https:\/\/www.europesays.com\/africa\/wp-json\/wp\/v2\/tags?post=25894"}],"curies":[{"name":"wp","href":"https:\/\/api.w.org\/{rel}","templated":true}]}}