{"id":25896,"date":"2026-01-15T21:44:24","date_gmt":"2026-01-15T21:44:24","guid":{"rendered":"https:\/\/www.europesays.com\/africa\/25896\/"},"modified":"2026-01-15T21:44:24","modified_gmt":"2026-01-15T21:44:24","slug":"can-2025-tensions-et-celebrations-apres-la-qualification-du-maroc-pour-la-finale","status":"publish","type":"post","link":"https:\/\/www.europesays.com\/africa\/25896\/","title":{"rendered":"CAN 2025\u00a0: tensions et c\u00e9l\u00e9brations apr\u00e8s la qualification du Maroc pour la finale"},"content":{"rendered":"<p class=\"paragraph text_align_left lp-f-body-02\">Ils attendaient \u00e7a depuis 22 ans. Ce mercredi 14 janvier, quelques instants apr\u00e8s la qualification du <a href=\"https:\/\/www.leparisien.fr\/sports\/football\/maroc\/\" target=\"_blank\" rel=\"noreferrer nofollow noopener\">Maroc <\/a>pour la finale de sa <a href=\"https:\/\/www.leparisien.fr\/sports\/football\/coupe-d-afrique-des-nations\/\" target=\"_self\" rel=\"nofollow noopener\">Coupe d\u2019Afrique des nations<\/a>, des milliers de supporters des Lions de l\u2019Atlas r\u00e9sidant en France <a href=\"https:\/\/www.leparisien.fr\/sports\/cest-la-premiere-fois-que-je-pleure-malgre-linterdiction-des-milliers-de-supporters-du-maroc-sur-les-champs-elysees-15-01-2026-N25BZPRCQ5B2FHP2EZJMCNWMZI.php\" target=\"_self\" rel=\"nofollow noopener\">sont descendus spontan\u00e9ment dans les rues<\/a> pour c\u00e9l\u00e9brer <a href=\"https:\/\/www.leparisien.fr\/sports\/football\/coupe-d-afrique-des-nations\/maroc-nigeria-0-0-4-2-aux-tab-les-lions-de-latlas-en-finale-de-la-can-au-bout-du-suspense-15-01-2026-GIN5H2FTFRG7BDAVZVKZLTATXE.php\" target=\"_self\" rel=\"nofollow noopener\">la victoire d\u00e9croch\u00e9e aux tirs au but face au Nigeria<\/a> (0-0, 4-2 t.a.b).<\/p>\n<p class=\"\">Si la majorit\u00e9 des rassemblements se sont bien pass\u00e9s dans l\u2019Hexagone, quelques d\u00e9bordements ont \u00e9t\u00e9 recens\u00e9s par la Police nationale dans un compte-rendu transmis ce jeudi matin.<\/p>\n<p class=\"\">En <a href=\"https:\/\/www.leparisien.fr\/info-paris-ile-de-france-oise\/\" target=\"_self\" rel=\"nofollow noopener\">\u00cele-de-France<\/a>, les seuls \u00e9carts ont eu lieu aux Mureaux, dans <a href=\"https:\/\/www.leparisien.fr\/yvelines-78\/\" target=\"_self\" rel=\"nofollow noopener\">les Yvelines<\/a> (78). Sur place, un v\u00e9hicule des forces de l\u2019ordre a \u00e9t\u00e9 victime de tirs de mortiers d\u2019artifice alors qu\u2019une trentaine d\u2019individus entravait un rond-point. Le calme a rapidement \u00e9t\u00e9 r\u00e9tabli et aucun bless\u00e9 n\u2019est \u00e0 d\u00e9plorer, tout comme \u00e0 <a href=\"https:\/\/www.leparisien.fr\/gironde-33\/\" target=\"_self\" rel=\"nofollow noopener\">Bordeaux<\/a>, o\u00f9 16 mortiers d\u2019artifice ont \u00e9t\u00e9 tir\u00e9s en l\u2019air lors d\u2019un rassemblement de 150 supporters marocains.<\/p>\n<p>\u00ab Une centaine d\u2019individus hostiles \u00bb \u00e0 Avignon<\/p>\n<p class=\"\">Dans d\u2019autres villes, comme \u00e0 Maubeuge, <a href=\"https:\/\/www.leparisien.fr\/herault-34\/\" target=\"_self\" rel=\"nofollow noopener\">Montpellier<\/a>, Avignon, Miramas, Al\u00e8s et <a href=\"https:\/\/www.leparisien.fr\/politique\/nos-tracteurs-sont-rentres-dans-toulouse-les-agriculteurs-ont-finalement-brave-linterdiction-cette-nuit-14-01-2026-VVCYUKUVDZBVPFKNQGTERQ4HQU.php\" target=\"_self\" rel=\"nofollow noopener\">Toulouse<\/a>, la police a \u00e9galement \u00e9t\u00e9 cibl\u00e9e, certains agents subissant des jets de projectiles. Les d\u00e9bordements les plus marquants ont \u00e9t\u00e9 observ\u00e9s dans la cit\u00e9 avignonnaise. \u00ab Environ 1000 supporters marocains se regroupaient dans le secteur des remparts et de la rue Pierre-S\u00e9mard \u00bb, peut-on lire dans le communiqu\u00e9 des forces de l\u2019ordre. \u00ab Une centaine d\u2019individus hostiles jetait des projectiles sur les policiers, obligeant les CRS et la BAC \u00e0 faire usage de MCD. Deux individus majeurs, de nationalit\u00e9 fran\u00e7aise et inconnu au TAJ, \u00e9taient interpell\u00e9s par la BAC pour jets de projectiles \u00bb, est-il pr\u00e9cis\u00e9.<\/p>\n<p class=\"\">\u00c0 Al\u00e8s, un individu tirant des mortiers d\u2019artifice en l\u2019air depuis la place passager d\u2019un v\u00e9hicule a manqu\u00e9 de blesser un policier et s\u2019est retrouv\u00e9 plac\u00e9 en garde \u00e0 vue. Du c\u00f4t\u00e9 de Toulouse, des projectiles ont \u00e9galement \u00e9t\u00e9 balanc\u00e9s sur les agents en service, sans d\u00e9g\u00e2t majeur. <\/p>\n","protected":false},"excerpt":{"rendered":"Ils attendaient \u00e7a depuis 22 ans. Ce mercredi 14 janvier, quelques instants apr\u00e8s la qualification du Maroc pour&hellip;\n","protected":false},"author":2,"featured_media":25897,"comment_status":"","ping_status":"","sticky":false,"template":"","format":"standard","meta":{"footnotes":""},"categories":[41],"tags":[360,1601,311,158,264],"class_list":{"0":"post-25896","1":"post","2":"type-post","3":"status-publish","4":"format-standard","5":"has-post-thumbnail","7":"category-maroc","8":"tag-can","9":"tag-faits-divers","10":"tag-football","11":"tag-maroc","12":"tag-sports"},"share_on_mastodon":{"url":"","error":""},"_links":{"self":[{"href":"https:\/\/www.europesays.com\/africa\/wp-json\/wp\/v2\/posts\/25896","targetHints":{"allow":["GET"]}}],"collection":[{"href":"https:\/\/www.europesays.com\/africa\/wp-json\/wp\/v2\/posts"}],"about":[{"href":"https:\/\/www.europesays.com\/africa\/wp-json\/wp\/v2\/types\/post"}],"author":[{"embeddable":true,"href":"https:\/\/www.europesays.com\/africa\/wp-json\/wp\/v2\/users\/2"}],"replies":[{"embeddable":true,"href":"https:\/\/www.europesays.com\/africa\/wp-json\/wp\/v2\/comments?post=25896"}],"version-history":[{"count":0,"href":"https:\/\/www.europesays.com\/africa\/wp-json\/wp\/v2\/posts\/25896\/revisions"}],"wp:featuredmedia":[{"embeddable":true,"href":"https:\/\/www.europesays.com\/africa\/wp-json\/wp\/v2\/media\/25897"}],"wp:attachment":[{"href":"https:\/\/www.europesays.com\/africa\/wp-json\/wp\/v2\/media?parent=25896"}],"wp:term":[{"taxonomy":"category","embeddable":true,"href":"https:\/\/www.europesays.com\/africa\/wp-json\/wp\/v2\/categories?post=25896"},{"taxonomy":"post_tag","embeddable":true,"href":"https:\/\/www.europesays.com\/africa\/wp-json\/wp\/v2\/tags?post=25896"}],"curies":[{"name":"wp","href":"https:\/\/api.w.org\/{rel}","templated":true}]}}