{"id":25916,"date":"2026-01-15T21:57:11","date_gmt":"2026-01-15T21:57:11","guid":{"rendered":"https:\/\/www.europesays.com\/africa\/25916\/"},"modified":"2026-01-15T21:57:11","modified_gmt":"2026-01-15T21:57:11","slug":"liberation-imminente-pour-soya-diagne-sauf-avis-defavorable-du-parquet","status":"publish","type":"post","link":"https:\/\/www.europesays.com\/africa\/25916\/","title":{"rendered":"Lib\u00e9ration imminente pour Soya Diagne, sauf avis d\u00e9favorable du parquet"},"content":{"rendered":"<p>\t\t <br id=\"sep_para_1\" class=\"sep_para access\" \/><\/p>\n<p>\t\t\t\t <a href=\"https:\/\/www.dakaractu.com\/javascript:void(0)\" rel=\"https:\/\/www.europesays.com\/africa\/wp-content\/uploads\/2026\/01\/93717666-65453825.jpg&amp;ibox nofollow noopener\" title=\"Justice : Lib\u00e9ration imminente pour Soya Diagne, sauf avis d\u00e9favorable du parquet\" target=\"_blank\"><img decoding=\"async\" class=\"responsive\" style=\"display:none\" src=\"https:\/\/www.europesays.com\/africa\/wp-content\/uploads\/2026\/01\/93717666-65453825.jpg\" alt=\"Justice : Lib\u00e9ration imminente pour Soya Diagne, sauf avis d\u00e9favorable du parquet\" title=\"Justice : Lib\u00e9ration imminente pour Soya Diagne, sauf avis d\u00e9favorable du parquet\" \/><br \/>\n<img decoding=\"async\" class=\"not-responsive\" src=\"https:\/\/www.europesays.com\/africa\/wp-content\/uploads\/2026\/01\/1768514231_409_93717666-65453825.jpg\" alt=\"Justice : Lib\u00e9ration imminente pour Soya Diagne, sauf avis d\u00e9favorable du parquet\" title=\"Justice : Lib\u00e9ration imminente pour Soya Diagne, sauf avis d\u00e9favorable du parquet\" width=\"684\" \/><\/a><\/p>\n<p>\t\t\t\t\t La chambre d\u2019accusation de la cour d\u2019appel de Dakar a confirm\u00e9 ce jeudi la mise en libert\u00e9 provisoire de Soya Diagne. Selon l\u2019un des avocats de la d\u00e9fense joint au t\u00e9l\u00e9phone, elle a confirm\u00e9 l\u2019ordonnance du juge d\u2019instruction ayant accord\u00e9 la libert\u00e9 provisoire au patron du site d\u2019information Le Dakarois 221. Cette validation judiciaire ouvre la voie \u00e0 sa sortie de prison dans un d\u00e9lai tr\u00e8s court, sauf intervention du parquet g\u00e9n\u00e9ral. <\/p>\n<p>Pour rappel, Soya Diagne a \u00e9t\u00e9 plac\u00e9 sous mandat de d\u00e9p\u00f4t le 16 octobre dernier dans le cadre d\u2019une enqu\u00eate pour \u00ab diffusion de fausses nouvelles et discours contraire aux bonnes m\u0153urs \u00bb.<\/p>\n<p>\t\t <br class=\"texte clear\" \/><\/p>\n<p>\t\t <br class=\"texte clear\" \/><\/p>\n<p><\/p>\n","protected":false},"excerpt":{"rendered":"La chambre d\u2019accusation de la cour d\u2019appel de Dakar a confirm\u00e9 ce jeudi la mise en libert\u00e9 provisoire&hellip;\n","protected":false},"author":2,"featured_media":25917,"comment_status":"","ping_status":"","sticky":false,"template":"","format":"standard","meta":{"footnotes":""},"categories":[48],"tags":[64,274,279,273,277,278,271,281,283,272,280,276,275,159,282],"class_list":{"0":"post-25916","1":"post","2":"type-post","3":"status-publish","4":"format-standard","5":"has-post-thumbnail","7":"category-senegal","8":"tag-afrique","9":"tag-aliou-cisse","10":"tag-amadou-ba","11":"tag-apr","12":"tag-bassirou-diomaye-faye","13":"tag-bathelemy-dias","14":"tag-dakar","15":"tag-el-malick-ndiaye","16":"tag-guy-marius-sagna","17":"tag-macky-sall","18":"tag-madiambal-diagne","19":"tag-ousmane-sonko","20":"tag-pastef","21":"tag-senegal","22":"tag-ziguinchor"},"share_on_mastodon":{"url":"","error":""},"_links":{"self":[{"href":"https:\/\/www.europesays.com\/africa\/wp-json\/wp\/v2\/posts\/25916","targetHints":{"allow":["GET"]}}],"collection":[{"href":"https:\/\/www.europesays.com\/africa\/wp-json\/wp\/v2\/posts"}],"about":[{"href":"https:\/\/www.europesays.com\/africa\/wp-json\/wp\/v2\/types\/post"}],"author":[{"embeddable":true,"href":"https:\/\/www.europesays.com\/africa\/wp-json\/wp\/v2\/users\/2"}],"replies":[{"embeddable":true,"href":"https:\/\/www.europesays.com\/africa\/wp-json\/wp\/v2\/comments?post=25916"}],"version-history":[{"count":0,"href":"https:\/\/www.europesays.com\/africa\/wp-json\/wp\/v2\/posts\/25916\/revisions"}],"wp:featuredmedia":[{"embeddable":true,"href":"https:\/\/www.europesays.com\/africa\/wp-json\/wp\/v2\/media\/25917"}],"wp:attachment":[{"href":"https:\/\/www.europesays.com\/africa\/wp-json\/wp\/v2\/media?parent=25916"}],"wp:term":[{"taxonomy":"category","embeddable":true,"href":"https:\/\/www.europesays.com\/africa\/wp-json\/wp\/v2\/categories?post=25916"},{"taxonomy":"post_tag","embeddable":true,"href":"https:\/\/www.europesays.com\/africa\/wp-json\/wp\/v2\/tags?post=25916"}],"curies":[{"name":"wp","href":"https:\/\/api.w.org\/{rel}","templated":true}]}}