{"id":25951,"date":"2026-01-15T22:22:08","date_gmt":"2026-01-15T22:22:08","guid":{"rendered":"https:\/\/www.europesays.com\/africa\/25951\/"},"modified":"2026-01-15T22:22:08","modified_gmt":"2026-01-15T22:22:08","slug":"lafrique-du-sud-critiquee-pour-la-presence-de-liran-a-des-exercices-navals","status":"publish","type":"post","link":"https:\/\/www.europesays.com\/africa\/25951\/","title":{"rendered":"L\u2019Afrique du Sud critiqu\u00e9e pour la pr\u00e9sence de l\u2019Iran \u00e0 des exercices navals"},"content":{"rendered":"<p class=\"lead textModule textModule--type-lead \" style=\"\">(Johannesburg) Les \u00c9tats-Unis ont critiqu\u00e9 jeudi la pr\u00e9sence de l\u2019Iran \u00e0 des exercices navals au large de l\u2019Afrique du Sud, la jugeant \u00ab\u00a0particuli\u00e8rement inadmissible\u00a0\u00bb compte tenu de la r\u00e9pression des manifestations par le r\u00e9gime de T\u00e9h\u00e9ran. <\/p>\n<p>                    Publi\u00e9 \u00e0<br \/>\n    16\u00a0h\u00a023<\/p>\n<p>    <a class=\"print\" href=\"https:\/\/www.lapresse.ca\/international\/afrique\/2026-01-15\/javascript:window.print();\" title=\"Imprimer la page\" rel=\"nofollow noopener\" target=\"_blank\"><\/p>\n<p>        <img loading=\"lazy\" decoding=\"async\" width=\"16\" height=\"18\" src=\"https:\/\/www.europesays.com\/africa\/wp-content\/uploads\/2026\/01\/share-icon.png\" alt=\"Partager\"\/><\/p>\n<p class=\"paragraph textModule textModule--type-paragraph \" style=\"\">Des navires militaires chinois, iraniens, russes et \u00e9miratis sont arriv\u00e9s au large du Cap il y a environ une semaine pour participer \u00e0 des exercices organis\u00e9s dans le cadre des Brics+. <\/p>\n<p class=\"paragraph textModule textModule--type-paragraph \" style=\"\">Le groupe des Brics+, acronyme des initiales de ses premiers membres-Br\u00e9sil, Russie, Inde, Chine et Afrique du Sud-s\u2019est depuis \u00e9largi \u00e0 l\u2019\u00c9gypte, \u00e0 l\u2019Ethiopie, \u00e0 l\u2019Iran, \u00e0 l\u2019Arabie saoudite, aux \u00c9mirats arabes unis et, plus r\u00e9cemment, \u00e0 l\u2019Indon\u00e9sie. <\/p>\n<p class=\"epigraph textModule textModule--type-epigraph \" style=\"\">Selon des informations des m\u00e9dias locaux, le gouvernement sud-africain a cherch\u00e9 \u00e0 obtenir le retrait de l\u2019Iran de ces man\u0153uvres men\u00e9es par la Chine, qui se d\u00e9roulent alors que la r\u00e9pression en Iran a fait des milliers de morts, selon des d\u00e9fenseurs des droits humains.\u00a0\u00a0<\/p>\n<p class=\"paragraph textModule textModule--type-paragraph \" style=\"\">On ignore de quelle fa\u00e7on les navires iraniens ont particip\u00e9 \u00e0 ces exercices, que la marine sud-africaine a jug\u00e9 n\u00e9cessaires pour \u00ab\u00a0garantir la s\u00e9curit\u00e9 des voies de navigation et des activit\u00e9s \u00e9conomiques maritimes\u00a0\u00bb. <\/p>\n<p class=\"paragraph textModule textModule--type-paragraph \" style=\"\">Ces exercices r\u00e9unissent des nations ayant des diff\u00e9rends diplomatiques majeurs avec les \u00c9tats-Unis, alors que Pretoria cherche \u00e0 am\u00e9liorer ses propres relations, fortement d\u00e9grad\u00e9es, avec Washington. <\/p>\n<p>                                        <img decoding=\"async\" src=\"https:\/\/www.europesays.com\/africa\/wp-content\/uploads\/2026\/01\/69de63b6576b31a6aa3847c997c15f9a.jpg\" alt=\"\" class=\"photoModule__visual\"\/><\/p>\n<p class=\"credit photoModule__caption photoModule__caption--credit\" style=\"\">\n                    PHOTO ESA ALEXANDER, ARCHIVES REUTERS\n                <\/p>\n<p class=\"description photoModule__caption photoModule__caption--description\" style=\"\">\n                    Les drapeaux nationaux sud-africain et chinois sont visibles sur un navire \u00e0 la base navale de Simon\u2019s Town avant les exercices navals conjoints des pays du BRICS Plus\n                <\/p>\n<p class=\"paragraph textModule textModule--type-paragraph \" style=\"\">\u00ab\u00a0L\u2019Iran est un agent d\u00e9stabilisateur et un \u00c9tat soutenant le terrorisme, et sa participation \u00e0 des exercices conjoints\u00a0\u2013 \u00e0 quelque titre que ce soit\u00a0\u2013 compromet la s\u00e9curit\u00e9 maritime et la stabilit\u00e9 r\u00e9gionale\u00a0\u00bb, a d\u00e9clar\u00e9 l\u2019ambassade des \u00c9tats-Unis en Afrique du Sud sur Facebook. <\/p>\n<p class=\"paragraph textModule textModule--type-paragraph \" style=\"\">\u00ab\u00a0Il est particuli\u00e8rement inadmissible que l\u2019Afrique du Sud ait accueilli les forces de s\u00e9curit\u00e9 iraniennes alors qu\u2019elles tiraient, emprisonnaient et torturaient des citoyens iraniens engag\u00e9s dans des activit\u00e9s politiques pacifiques, droits pour lesquels les Sud-Africains eux-m\u00eames ont d\u00fb se battre avec acharnement\u00a0\u00bb, a ajout\u00e9 l\u2019ambassade. <\/p>\n<p class=\"epigraph textModule textModule--type-epigraph \" style=\"\">Les relations entre Washington et Pretoria sont au plus bas en raison de plusieurs divergences politiques, notamment la plainte pour g\u00e9nocide d\u00e9pos\u00e9e par l\u2019Afrique du Sud contre Isra\u00ebl devant la Cour internationale de justice concernant la guerre \u00e0 Gaza. <\/p>\n<p class=\"paragraph textModule textModule--type-paragraph \" style=\"\">\u00ab\u00a0L\u2019Afrique du Sud ne peut pas faire la le\u00e7on au monde sur la \u201cjustice\u201d tout en se rapprochant de l\u2019Iran\u00a0\u00bb, a critiqu\u00e9 l\u2019ambassade am\u00e9ricaine. <\/p>\n<p class=\"paragraph textModule textModule--type-paragraph \" style=\"\">Le pr\u00e9sident am\u00e9ricain Donald Trump a menac\u00e9 l\u2019Iran d\u2019une intervention militaire si T\u00e9h\u00e9ran ex\u00e9cute des personnes arr\u00eat\u00e9es lors des manifestations. M.\u00a0Trump semble depuis avoir renonc\u00e9 \u00e0 cette option. <\/p>\n<p class=\"paragraph textModule textModule--type-paragraph \" style=\"\">L\u2019administration Trump a accus\u00e9 l\u2019Afrique du Sud de mener des politiques \u00ab\u00a0anti-am\u00e9ricaines\u00a0\u00bb et a boycott\u00e9 son sommet du G20 en novembre, lui imposant des droits de douane de 30\u00a0%. Elle estime en outre que Pretoria pers\u00e9cute les Afrikaners, ces descendants des premiers colons europ\u00e9ens d\u2019origine majoritairement n\u00e9erlandaise. <\/p>\n","protected":false},"excerpt":{"rendered":"(Johannesburg) Les \u00c9tats-Unis ont critiqu\u00e9 jeudi la pr\u00e9sence de l\u2019Iran \u00e0 des exercices navals au large de l\u2019Afrique&hellip;\n","protected":false},"author":2,"featured_media":25952,"comment_status":"","ping_status":"","sticky":false,"template":"","format":"standard","meta":{"footnotes":""},"categories":[62],"tags":[64],"class_list":{"0":"post-25951","1":"post","2":"type-post","3":"status-publish","4":"format-standard","5":"has-post-thumbnail","7":"category-afrique","8":"tag-afrique"},"share_on_mastodon":{"url":"","error":""},"_links":{"self":[{"href":"https:\/\/www.europesays.com\/africa\/wp-json\/wp\/v2\/posts\/25951","targetHints":{"allow":["GET"]}}],"collection":[{"href":"https:\/\/www.europesays.com\/africa\/wp-json\/wp\/v2\/posts"}],"about":[{"href":"https:\/\/www.europesays.com\/africa\/wp-json\/wp\/v2\/types\/post"}],"author":[{"embeddable":true,"href":"https:\/\/www.europesays.com\/africa\/wp-json\/wp\/v2\/users\/2"}],"replies":[{"embeddable":true,"href":"https:\/\/www.europesays.com\/africa\/wp-json\/wp\/v2\/comments?post=25951"}],"version-history":[{"count":0,"href":"https:\/\/www.europesays.com\/africa\/wp-json\/wp\/v2\/posts\/25951\/revisions"}],"wp:featuredmedia":[{"embeddable":true,"href":"https:\/\/www.europesays.com\/africa\/wp-json\/wp\/v2\/media\/25952"}],"wp:attachment":[{"href":"https:\/\/www.europesays.com\/africa\/wp-json\/wp\/v2\/media?parent=25951"}],"wp:term":[{"taxonomy":"category","embeddable":true,"href":"https:\/\/www.europesays.com\/africa\/wp-json\/wp\/v2\/categories?post=25951"},{"taxonomy":"post_tag","embeddable":true,"href":"https:\/\/www.europesays.com\/africa\/wp-json\/wp\/v2\/tags?post=25951"}],"curies":[{"name":"wp","href":"https:\/\/api.w.org\/{rel}","templated":true}]}}